{"id":7493,"date":"2018-03-07T10:46:55","date_gmt":"2018-03-07T09:46:55","guid":{"rendered":"http:\/\/www.urbanphotoawards.com\/?p=7493"},"modified":"2018-03-08T12:00:55","modified_gmt":"2018-03-08T11:00:55","slug":"insomnia-photography","status":"publish","type":"post","link":"https:\/\/www.urbanphotoawards.com\/it\/insomnia-photography\/","title":{"rendered":"Insomnia Photography"},"content":{"rendered":"<div><strong>Insomnia Photography<\/strong> \u00e8 un collettivo indipendente europeo il cui obiettivo principale \u00e8 di condividere e mostrare la fotografia. &#8220;Non solo i nostri lavori, ma anche quelli altrui. Crediamo fortemente nel lavoro stampato e quindi, pubblichiamo la nostra rivista non solo online ma anche in versione cartacea. Amiamo la reazione che una foto pu\u00f2 offrire e amiamo scoprire nuovi talenti. InSomnia non \u00e8 solo una rivista, \u00e8 una comunit\u00e0, in cui sviluppiamo anche libri e diversi progetti con i nostri membri collettivi nei paesi dell&#8217;est, cercando di spingere il mezzo.&#8221;<\/div>\n<div><\/div>\n<div>website: <a href=\"https:\/\/www.insomniacollective.org\/\" target=\"_blank\" rel=\"nofollow\">insomnia collective<\/a><\/div>\n<div>\n<div>facebook: <a href=\"https:\/\/www.facebook.com\/insomniaphotocollective\/\" target=\"_blank\" rel=\"nofollow\">insomnia facebook <\/a><\/div>\n<div>istagram: <a href=\"https:\/\/www.instagram.com\/\" target=\"_blank\" rel=\"nofollow\">insomnia instagram<\/a><\/div>\n<\/div>","protected":false},"excerpt":{"rendered":"<p>Insomnia Photography \u00e8 un collettivo indipendente europeo il cui obiettivo principale \u00e8 di condividere e mostrare la fotografia. &#8220;Non solo i nostri lavori, ma anche quelli altrui. Crediamo fortemente nel lavoro stampato e quindi, pubblichiamo la nostra rivista non solo online ma anche in versione [&hellip;]<\/p>\n","protected":false},"author":1,"featured_media":7494,"comment_status":"closed","ping_status":"open","sticky":false,"template":"","format":"standard","meta":[],"categories":[9,121],"tags":[],"acf":[],"_links":{"self":[{"href":"https:\/\/www.urbanphotoawards.com\/it\/wp-json\/wp\/v2\/posts\/7493"}],"collection":[{"href":"https:\/\/www.urbanphotoawards.com\/it\/wp-json\/wp\/v2\/posts"}],"about":[{"href":"https:\/\/www.urbanphotoawards.com\/it\/wp-json\/wp\/v2\/types\/post"}],"author":[{"embeddable":true,"href":"https:\/\/www.urbanphotoawards.com\/it\/wp-json\/wp\/v2\/users\/1"}],"replies":[{"embeddable":true,"href":"https:\/\/www.urbanphotoawards.com\/it\/wp-json\/wp\/v2\/comments?post=7493"}],"version-history":[{"count":3,"href":"https:\/\/www.urbanphotoawards.com\/it\/wp-json\/wp\/v2\/posts\/7493\/revisions"}],"predecessor-version":[{"id":7498,"href":"https:\/\/www.urbanphotoawards.com\/it\/wp-json\/wp\/v2\/posts\/7493\/revisions\/7498"}],"wp:featuredmedia":[{"embeddable":true,"href":"https:\/\/www.urbanphotoawards.com\/it\/wp-json\/wp\/v2\/media\/7494"}],"wp:attachment":[{"href":"https:\/\/www.urbanphotoawards.com\/it\/wp-json\/wp\/v2\/media?parent=7493"}],"wp:term":[{"taxonomy":"category","embeddable":true,"href":"https:\/\/www.urbanphotoawards.com\/it\/wp-json\/wp\/v2\/categories?post=7493"},{"taxonomy":"post_tag","embeddable":true,"href":"https:\/\/www.urbanphotoawards.com\/it\/wp-json\/wp\/v2\/tags?post=7493"}],"curies":[{"name":"wp","href":"https:\/\/api.w.org\/{rel}","templated":true}]}}