{"id":7315,"date":"2018-02-14T11:18:47","date_gmt":"2018-02-14T10:18:47","guid":{"rendered":"http:\/\/www.urbanphotoawards.com\/?p=7315"},"modified":"2018-02-14T16:57:15","modified_gmt":"2018-02-14T15:57:15","slug":"urban-photo-awards-2018-submissions-open","status":"publish","type":"post","link":"https:\/\/www.urbanphotoawards.com\/it\/urban-photo-awards-2018-submissions-open\/","title":{"rendered":"Al via il concorso URBAN 2018 Photo Awards"},"content":{"rendered":"<p style=\"text-align: justify;\">Sono aperte le iscrizioni alla nona edizione del concorso fotografico internazionale <strong>URBAN Photo Awards<\/strong>, promosso dall\u2019associazione <strong>dotART<\/strong> di Trieste con la media partnership di <strong><a href=\"http:\/\/photographers.it\/\" target=\"_blank\" rel=\"nofollow\">Photographers.it<\/a> <\/strong>e <strong><a href=\"http:\/\/www.spreafotografia.it\/\" target=\"_blank\" rel=\"nofollow\">Sprea Fotografia<\/a><\/strong>.<\/p>\n<p style=\"text-align: justify;\">In palio <strong>oltre 5.000 \u20ac<\/strong> di montepremi:<strong> 1.000 \u20ac<\/strong> riservati al vincitore assoluto, <strong>1.000 \u20ac <\/strong>al primo portfolio, una mostra presso il <strong><a href=\"http:\/\/muzejporec.hr\/\" target=\"_blank\" rel=\"nofollow\">Museo del territorio parentino<\/a><\/strong> (Parenzo, Croazia) per 3 progetti classificati nella sezione \u201cProjects &amp; Portfolios\u201d, una mostra collettiva dei vincitori nell\u2019ambito del festival <strong><a href=\"http:\/\/triestephotodays.com\/\" target=\"_blank\" rel=\"nofollow\">Trieste Photo Days 2018<\/a><\/strong>, diversi premi messi a disposizione dai partner del concorso, oltre alla pubblicazione delle foto su magazine fotografici e sul quarto volume di <strong><em><a href=\"http:\/\/www.urbanphotoawards.com\/tag\/URBANunveils\/\" target=\"_blank\">URBAN unveils the City and its secrets<\/a><\/em><\/strong>.<\/p>\n<p style=\"text-align: justify;\">URBAN 2018 Photo Awards si divide in due sezioni incentrate sulla <strong>fotografia urbana<\/strong>, un tema che esplora la contemporaneit\u00e0 attraverso tutte le forme di fotografia ambientate nel tessuto cittadino. Denominatore comune \u00e8 la Citt\u00e0, l\u2019ambiente urbano e l\u2019umanit\u00e0 che lo popola.<\/p>\n<p style=\"text-align: justify;\">La prima sezione \u00e8 dedicata alle <strong>\u201cFoto a tema\u201d<\/strong> (7 aree tematiche per foto singole: <em>Street Photography, Architecture &amp; Urban Geometries, Transport, Urban Art, People, Urban Animals, Creative Photography<\/em>), la seconda ai <strong>\u201cProjects &amp; Portfolios\u201d<\/strong>, nella quale i fotografi potranno presentare sequenze di immagini che condividano un elemento comune (progetti, fotoreportage, portfolio), e vere e proprie \u201cstorie\u201d narrate attraverso le fotografie.<\/p>\n<p style=\"text-align: justify;\">Per candidare foto e progetti basta seguire la procedura sul <a href=\"http:\/\/www.urbanphotoawards.com\/upload\/\" target=\"_blank\"><strong>form di upload<\/strong><\/a> (si consiglia di leggere il <a href=\"http:\/\/www.urbanphotoawards.com\/it\/2018-rules\/\" target=\"_blank\"><strong>regolamento<\/strong><\/a> prima di caricare).<\/p>\n<p style=\"text-align: justify;\">Le foto, che dovranno essere inviate entro e non oltre il <strong>31 maggio 2018<\/strong>, saranno valutate da una prestigiosa giuria presieduta da <a href=\"http:\/\/www.urbanphotoawards.com\/it\/tatsuo-suzuki-jury-president-urban-2018-photo-awards\/\" target=\"_blank\"><strong>Tatsuo Suzuki<\/strong><\/a>, pluripremiato <em>street photographer<\/em> giapponese con alle spalle diverse mostre internazionali.<\/p>\n<p style=\"text-align: justify;\">In qualit\u00e0 di presidente della giura,<strong> Tatsuo Suzuki <\/strong>sar\u00e0<strong> ospite d\u2019onore <\/strong>alla quinta edizione di<strong> Trieste Photo Days <\/strong>e, nell\u2019ambito del festival, sceglier\u00e0 personalmente il vincitore assoluto di <strong>URBAN 2018<\/strong> e lo premier\u00e0 durante la cerimonia di premiazione del contest, che si terr\u00e0 <strong>sabato 27 ottobre 2018<\/strong> presso la Sala del Giubileo. Inoltre, <strong>Suzuki<\/strong> terr\u00e0 a Trieste Photo Days un imperdibile <strong>workshop fotografico<\/strong>.<\/p>\n<p style=\"text-align: justify;\">Gli altri giurati di URBAN 2018 confermati finora: <strong>Elena Uljan\u010di\u0107-Veki\u0107<\/strong> (direttrice del Museo di Parenzo, Croazia), <strong>Tadashi Onishi<\/strong> (fotografo giapponese vincitore del TPD Book Awards 2017 e confermato ospite a Trieste Photo Days 2018), <strong>Angelo Cucchetto<\/strong> (fondatore del portale Photographers.it e direttore artistico di Trieste Photo Days), <strong>Ania Klosek<\/strong> (una delle pi\u00f9 influenti street photographer polacche, membro del collettivo Un-Posed), <strong>Fulvio Merlak<\/strong>, noto esperto di fotografia e Presidente Onorario FIAF. Altri giurati verranno comunicati a breve.<\/p>\n<p style=\"text-align: justify;\">Oltre ai premi principali, URBAN da la possibilit\u00e0 ai migliori fotografi classificati di entrare a far parte di un <strong><a href=\"http:\/\/www.urbanphotoawards.com\/it\/category\/exhibitions\/\" target=\"_blank\">circuito di mostre fotografiche itineranti<\/a><\/strong><em>, <\/em>che rappresentano il reale valore aggiunto di questo concorso. Dal 2011, infatti, URBAN ha allestito mostre in Polonia (Cracovia, \u0141\u00f3d\u017a e Varsavia), Ungheria (Budapest, P\u00e8cs e Miskolc), Serbia (Belgrado), Germania (Berlino), Cipro (Limassol, Paphos e Nicosia), Lettonia (Riga), Croazia (Parenzo), Slovenia (Capodistria), Ucraina (Sumy), Colombia (Bucaramanga) e Italia (Trieste e Roma).<\/p>\n<p style=\"text-align: center;\"><div class=\"su-row\"><div class=\"su-column su-column-size-1-2\"><div class=\"su-column-inner su-u-clearfix su-u-trim\">\n<hr \/>\n<h3 style=\"text-align: center;\"><div class=\"su-button-center\"><a href=\"http:\/\/www.urbanphotoawards.com\/it\/upload\/upload-single-photos\/\" class=\"su-button su-button-style-default\" style=\"color:#FFFFFF;background-color:#ff7f00;border-color:#cc6600;border-radius:5px;-moz-border-radius:5px;-webkit-border-radius:5px\" target=\"_self\"><span style=\"color:#FFFFFF;padding:0px 26px;font-size:20px;line-height:40px;border-color:#ffa64d;border-radius:5px;-moz-border-radius:5px;-webkit-border-radius:5px;text-shadow:0px 0px 0px #d96c00;-moz-text-shadow:0px 0px 0px #d96c00;-webkit-text-shadow:0px 0px 0px #d96c00\"> UPLOAD FOTO SINGOLE<\/span><\/a><\/div><\/h3>\n<hr \/>\n<p style=\"text-align: center;\"><\/div><\/div><div class=\"su-column su-column-size-1-2\"><div class=\"su-column-inner su-u-clearfix su-u-trim\">\n<hr \/>\n<h3 style=\"text-align: center;\"><div class=\"su-button-center\"><a href=\"http:\/\/www.urbanphotoawards.com\/it\/upload\/upload-projects-portfolios\/\" class=\"su-button su-button-style-default\" style=\"color:#FFFFFF;background-color:#ff7f00;border-color:#cc6600;border-radius:5px;-moz-border-radius:5px;-webkit-border-radius:5px\" target=\"_self\"><span style=\"color:#FFFFFF;padding:0px 26px;font-size:20px;line-height:40px;border-color:#ffa64d;border-radius:5px;-moz-border-radius:5px;-webkit-border-radius:5px;text-shadow:0px 0px 0px #d96c00;-moz-text-shadow:0px 0px 0px #d96c00;-webkit-text-shadow:0px 0px 0px #d96c00\"> UPLOAD PORTFOLIO <\/span><\/a><\/div><\/h3>\n<hr \/>\n<p style=\"text-align: center;\"><\/div><\/div><\/div>\n<p style=\"text-align: justify;\">","protected":false},"excerpt":{"rendered":"<p>Sono aperte le iscrizioni alla nona edizione del concorso fotografico internazionale URBAN Photo Awards, promosso dall\u2019associazione dotART di Trieste con la media partnership di Photographers.it e Sprea Fotografia. In palio oltre 5.000 \u20ac di montepremi: 1.000 \u20ac riservati al vincitore assoluto, 1.000 \u20ac al primo [&hellip;]<\/p>\n","protected":false},"author":1,"featured_media":7318,"comment_status":"closed","ping_status":"open","sticky":false,"template":"","format":"standard","meta":[],"categories":[6],"tags":[258],"acf":[],"_links":{"self":[{"href":"https:\/\/www.urbanphotoawards.com\/it\/wp-json\/wp\/v2\/posts\/7315"}],"collection":[{"href":"https:\/\/www.urbanphotoawards.com\/it\/wp-json\/wp\/v2\/posts"}],"about":[{"href":"https:\/\/www.urbanphotoawards.com\/it\/wp-json\/wp\/v2\/types\/post"}],"author":[{"embeddable":true,"href":"https:\/\/www.urbanphotoawards.com\/it\/wp-json\/wp\/v2\/users\/1"}],"replies":[{"embeddable":true,"href":"https:\/\/www.urbanphotoawards.com\/it\/wp-json\/wp\/v2\/comments?post=7315"}],"version-history":[{"count":25,"href":"https:\/\/www.urbanphotoawards.com\/it\/wp-json\/wp\/v2\/posts\/7315\/revisions"}],"predecessor-version":[{"id":7348,"href":"https:\/\/www.urbanphotoawards.com\/it\/wp-json\/wp\/v2\/posts\/7315\/revisions\/7348"}],"wp:featuredmedia":[{"embeddable":true,"href":"https:\/\/www.urbanphotoawards.com\/it\/wp-json\/wp\/v2\/media\/7318"}],"wp:attachment":[{"href":"https:\/\/www.urbanphotoawards.com\/it\/wp-json\/wp\/v2\/media?parent=7315"}],"wp:term":[{"taxonomy":"category","embeddable":true,"href":"https:\/\/www.urbanphotoawards.com\/it\/wp-json\/wp\/v2\/categories?post=7315"},{"taxonomy":"post_tag","embeddable":true,"href":"https:\/\/www.urbanphotoawards.com\/it\/wp-json\/wp\/v2\/tags?post=7315"}],"curies":[{"name":"wp","href":"https:\/\/api.w.org\/{rel}","templated":true}]}}