{"id":7271,"date":"2018-01-18T11:52:59","date_gmt":"2018-01-18T10:52:59","guid":{"rendered":"http:\/\/www.urbanphotoawards.com\/?p=7271"},"modified":"2018-01-18T12:04:02","modified_gmt":"2018-01-18T11:04:02","slug":"ritorna-il-concorso-fotografico-internazionale-urban-2018-photo-awards","status":"publish","type":"post","link":"https:\/\/www.urbanphotoawards.com\/it\/ritorna-il-concorso-fotografico-internazionale-urban-2018-photo-awards\/","title":{"rendered":"Ritorna il concorso fotografico internazionale URBAN 2018 Photo Awards"},"content":{"rendered":"<p style=\"text-align: justify;\"><strong><em>In palio un montepremi di oltre 5.000 euro e una mostra al Museo di Parenzo \u00a0<\/em><\/strong><\/p>\n<p style=\"text-align: justify;\">Dopo il successo dell\u2019edizione 2017 (4.120 foto e 253 portfolio in gara per 1.015 partecipanti da tutto il mondo) il 14 febbraio 2018 ritorna il concorso fotografico <strong>URBAN 2018 Photo Awards<\/strong>, promosso dall&#8217;associazione culturale <strong>dotART<\/strong> di Trieste in collaborazione con <strong>Photographers.it<\/strong>.<\/p>\n<p style=\"text-align: justify;\">Giunto alla nona edizione, URBAN vede ogni anno <strong>migliaia di foto in gara<\/strong> e <strong>centinaia di partecipanti da tutto il mondo<\/strong>. \u00c8 un contest di respiro internazionale in continua crescita, uno dei pochi a &#8220;varcare i confini&#8221; del web offrendo ai fotografi una <strong>reale visibilit\u00e0<\/strong> attraverso decine di <strong>mostre fotografiche itineranti<\/strong> in giro per il mondo. Solo nel 2017, URBAN ha allestito <strong>36 mostre<\/strong> per quasi <strong>800 foto esposte<\/strong>. Alla base di tutto, c&#8217;\u00e8 sempre la ricerca del talento e della qualit\u00e0.<\/p>\n<p style=\"text-align: justify;\">URBAN 2018 si divider\u00e0 in due sezioni incentrate sulla <strong>fotografia urbana<\/strong>: un tema che esplora la contemporaneit\u00e0 attraverso tutte le forme di fotografia ambientate nel tessuto cittadino. Denominatore comune \u00e8 la Citt\u00e0, l\u2019ambiente urbano e l\u2019umanit\u00e0 che lo popola.<\/p>\n<p style=\"text-align: justify;\">La prima sezione \u00e8 dedicata alle <strong>\u201cFoto a tema\u201d<\/strong>, con 7 aree tematiche:<\/p>\n<ul style=\"text-align: justify;\">\n<li><strong>Street Photography. <\/strong>Le infinite sfaccettature del tessuto urbano e delle vite che lo popolano. Immagini autentiche e immediate, in grado di raccontare la Citt\u00e0 e le sue storie: persone, luoghi e momenti di aggregazione, contrasti e contraddizioni, eventi e routine, concerti, sport e cultura.<\/li>\n<\/ul>\n<ul style=\"text-align: justify;\">\n<li><strong>Architecture &amp; Urban Geometries. <\/strong>Spazi urbani, palazzi, strade, forme e geometrie, archeologia industriale e luoghi abbandonati).<\/li>\n<\/ul>\n<ul style=\"text-align: justify;\">\n<li><strong>Transport<\/strong>. Mobilit\u00e0 in citt\u00e0, con ogni mezzo di trasporto.<\/li>\n<\/ul>\n<ul style=\"text-align: justify;\">\n<li><strong>Urban Art. <\/strong>Il rapporto tra le persone e le opere d\u2019arte in Citt\u00e0: monumenti, chiese, esposizioni e tutto ci\u00f2 che \u00e8 Arte.<\/li>\n<\/ul>\n<ul style=\"text-align: justify;\">\n<li><strong>People.<\/strong> Il corpo umano, fotografato in posa o catturato fugacemente sulla strada. Ritratti, moda, glam e kitch, bellezza convenzionale e insolita. Sono ammessi il fotoritocco e la post-produzione.<\/li>\n<\/ul>\n<ul style=\"text-align: justify;\">\n<li><strong>Urban Animals. <\/strong>Gli animali in Citt\u00e0: domestici o lontani dal loro habitat naturale, nelle case o lungo le strade cittadine.<\/li>\n<\/ul>\n<ul style=\"text-align: justify;\">\n<li><strong>Creative Photography. <\/strong>Foto artistiche, sperimentali, concettuali, visionarie e astratte che non rientrano nelle precedenti categorie, sempre a tema Urban Life. Sono ammessi il fotoritocco e la post-produzione.<\/li>\n<\/ul>\n<p style=\"text-align: justify;\">La seconda sezione \u00e8 invece dedicata ai <strong>\u201cProjects &amp; Portfolios\u201d<\/strong>, nella quale i fotografi potranno presentare sequenze di immagini che condividano un elemento comune (progetti, fotoreportage), e vere e proprie &#8220;storie&#8221; narrate attraverso le fotografie.<\/p>\n<p style=\"text-align: justify;\">Le foto, che dovranno essere inviate entro e non oltre il <strong>31 maggio 2018<\/strong>, saranno valutate da una prestigiosa giuria in fase di definizione. Tra i giurati finora confermati: <strong>Tadashi Onishi<\/strong> (fotografo giapponese vincitore del TPD Book Awards 2017), <strong>Elena Uljan\u010di\u0107-Veki\u0107<\/strong> (direttrice del Museo di Parenzo, Croazia), <strong>Angelo Cucchetto<\/strong> (fondatore del portale Photographers.it e direttore artistico di Trieste Photo Days) e <strong>Fulvio Merlak<\/strong>, esperto di fotografia e gi\u00e0 delegato regionale FIAF. Altri giurati verranno comunicati a breve.<\/p>\n<p style=\"text-align: justify;\">Il presidente della giuria sceglier\u00e0 il vincitore assoluto del concorso e lo premier\u00e0 a fine ottobre nel corso di <strong><a href=\"http:\/\/www.triestephotodays.com\/\" target=\"_blank\" rel=\"nofollow\">Trieste Photo Days 2018<\/a><\/strong>, festival fotografico internazionale promosso da dotART. Il festival, giunto alla quinta edizione, ha in URBAN il suo principale &#8220;serbatoio culturale&#8221; e ospiter\u00e0 la cerimonia di premiazione, la mostra finale del contest, e una serie di esposizioni, personali e collettive, delle migliori foto e progetti classificati.<\/p>\n<p style=\"text-align: justify;\">Confermata anche per quest\u2019anno la <a href=\"http:\/\/www.urbanphotoawards.com\/tre-portfolio-classificati-al-concorso-urban-2017-photo-awards-mostra-parenzo-croazia\/\" target=\"_blank\">partnership con il <strong>Museo del territorio parentino<\/strong><\/a> (Parenzo, Croazia), che metter\u00e0 in palio un premio del valore di 1.000 \u20ac per 3 progetti classificati nella sezione \u201cProjects &amp; Portfolios\u201d. I progetti saranno selezionati dai curatori del Museo ed esposti nell\u2019estate del 2018 (periodo in cui la localit\u00e0 turistica tocca i 120.000 visitatori).<\/p>\n<p style=\"text-align: justify;\"><strong>Il montepremi totale \u00e8 di oltre 5.000 \u20ac<\/strong>, di cui <strong>1.000<\/strong> riservati al vincitore assoluto e al primo portfolio. Ci saranno inoltre una serie di premi messi a disposizione dai partner del contest. Le migliori foto saranno inoltre pubblicate sul quarto volume di <em>URBAN unveils the City and its secrets<\/em>.<\/p>\n<p style=\"text-align: justify;\">Oltre ai premi principali, URBAN da la possibilit\u00e0 ai migliori fotografi classificati di entrare a far parte di un <strong>circuito di mostre fotografiche itineranti<\/strong><em>, <\/em>che rappresentano il reale valore aggiunto di questo concorso. Dal 2011, infatti, URBAN ha allestito mostre in Polonia (Cracovia, \u0141\u00f3d\u017a e Varsavia), Ungheria (Budapest, P\u00e8cs e Miskolc), Serbia (Belgrado), Germania (Berlino), Cipro (Limassol, Paphos e Nicosia), Lettonia (Riga), Croazia (Parenzo), Slovenia (Capodistria), Ucraina (Sumy), Colombia (Bucaramanga) e Italia (Trieste e Roma).<\/p>","protected":false},"excerpt":{"rendered":"<p>In palio un montepremi di oltre 5.000 euro e una mostra al Museo di Parenzo \u00a0 Dopo il successo dell\u2019edizione 2017 (4.120 foto e 253 portfolio in gara per 1.015 partecipanti da tutto il mondo) il 14 febbraio 2018 ritorna il concorso fotografico URBAN 2018 [&hellip;]<\/p>\n","protected":false},"author":1,"featured_media":7272,"comment_status":"closed","ping_status":"open","sticky":false,"template":"","format":"standard","meta":[],"categories":[6],"tags":[],"acf":[],"_links":{"self":[{"href":"https:\/\/www.urbanphotoawards.com\/it\/wp-json\/wp\/v2\/posts\/7271"}],"collection":[{"href":"https:\/\/www.urbanphotoawards.com\/it\/wp-json\/wp\/v2\/posts"}],"about":[{"href":"https:\/\/www.urbanphotoawards.com\/it\/wp-json\/wp\/v2\/types\/post"}],"author":[{"embeddable":true,"href":"https:\/\/www.urbanphotoawards.com\/it\/wp-json\/wp\/v2\/users\/1"}],"replies":[{"embeddable":true,"href":"https:\/\/www.urbanphotoawards.com\/it\/wp-json\/wp\/v2\/comments?post=7271"}],"version-history":[{"count":4,"href":"https:\/\/www.urbanphotoawards.com\/it\/wp-json\/wp\/v2\/posts\/7271\/revisions"}],"predecessor-version":[{"id":7276,"href":"https:\/\/www.urbanphotoawards.com\/it\/wp-json\/wp\/v2\/posts\/7271\/revisions\/7276"}],"wp:featuredmedia":[{"embeddable":true,"href":"https:\/\/www.urbanphotoawards.com\/it\/wp-json\/wp\/v2\/media\/7272"}],"wp:attachment":[{"href":"https:\/\/www.urbanphotoawards.com\/it\/wp-json\/wp\/v2\/media?parent=7271"}],"wp:term":[{"taxonomy":"category","embeddable":true,"href":"https:\/\/www.urbanphotoawards.com\/it\/wp-json\/wp\/v2\/categories?post=7271"},{"taxonomy":"post_tag","embeddable":true,"href":"https:\/\/www.urbanphotoawards.com\/it\/wp-json\/wp\/v2\/tags?post=7271"}],"curies":[{"name":"wp","href":"https:\/\/api.w.org\/{rel}","templated":true}]}}