{"id":42187,"date":"2026-04-24T18:03:36","date_gmt":"2026-04-24T16:03:36","guid":{"rendered":"https:\/\/www.urbanphotoawards.com\/?p=42187"},"modified":"2026-04-24T18:03:48","modified_gmt":"2026-04-24T16:03:48","slug":"mattia-li-puma","status":"publish","type":"post","link":"https:\/\/www.urbanphotoawards.com\/it\/mattia-li-puma\/","title":{"rendered":"Mattia Li Puma"},"content":{"rendered":"<p>Fotografo romano d&#8217;adozione, nato in Sicilia e cresciuto ad Anagni, Mattia ha sviluppato fin da subito un approccio alla fotografia come linguaggio espressivo e personale. Il suo stile fortemente cinematografico si distingue per la capacit\u00e0 di raccontare Roma e le citt\u00e0 che visita attraverso atmosfere evocative e una precisa identit\u00e0 visiva.<\/p>\n<p>Nel 2018 ha fondato la pagina Instagram <strong>@matti_lip<\/strong>, diventata progressivamente un punto di riferimento per la valorizzazione visiva della capitale italiana. Dal 2022 \u00e8 <strong>Digital Ambassador per Borghi D\u2019Italia<\/strong> e nel 2023 ha pubblicato una monografia che raccoglie le sue opere pi\u00f9 rappresentative, con <strong>Roma al centro della narrazione<\/strong>.<\/p>\n<p>Le sue fotografie sono state presentate da media internazionali e ha collaborato con musei e istituzioni culturali per promuovere il patrimonio artistico attraverso i social media. Lavora inoltre con importanti aziende internazionali dei settori imaging e visual technology. La sua esperienza, unita a una costante ricerca estetica e narrativa, lo porta oggi a contribuire come membro di giuria, offrendo uno sguardo attento, contemporaneo e sensibile alla qualit\u00e0 e all&#8217;autenticit\u00e0 delle immagini.<\/p>","protected":false},"excerpt":{"rendered":"<p>Fotografo romano d&#8217;adozione, nato in Sicilia e cresciuto ad Anagni, Mattia ha sviluppato fin da subito un approccio alla fotografia come linguaggio espressivo e personale. Il suo stile fortemente cinematografico si distingue per la capacit\u00e0 di raccontare Roma e le citt\u00e0 che visita attraverso atmosfere [&hellip;]<\/p>\n","protected":false},"author":1,"featured_media":42188,"comment_status":"closed","ping_status":"open","sticky":false,"template":"","format":"standard","meta":[],"categories":[607],"tags":[],"acf":[],"_links":{"self":[{"href":"https:\/\/www.urbanphotoawards.com\/it\/wp-json\/wp\/v2\/posts\/42187"}],"collection":[{"href":"https:\/\/www.urbanphotoawards.com\/it\/wp-json\/wp\/v2\/posts"}],"about":[{"href":"https:\/\/www.urbanphotoawards.com\/it\/wp-json\/wp\/v2\/types\/post"}],"author":[{"embeddable":true,"href":"https:\/\/www.urbanphotoawards.com\/it\/wp-json\/wp\/v2\/users\/1"}],"replies":[{"embeddable":true,"href":"https:\/\/www.urbanphotoawards.com\/it\/wp-json\/wp\/v2\/comments?post=42187"}],"version-history":[{"count":1,"href":"https:\/\/www.urbanphotoawards.com\/it\/wp-json\/wp\/v2\/posts\/42187\/revisions"}],"predecessor-version":[{"id":42189,"href":"https:\/\/www.urbanphotoawards.com\/it\/wp-json\/wp\/v2\/posts\/42187\/revisions\/42189"}],"wp:featuredmedia":[{"embeddable":true,"href":"https:\/\/www.urbanphotoawards.com\/it\/wp-json\/wp\/v2\/media\/42188"}],"wp:attachment":[{"href":"https:\/\/www.urbanphotoawards.com\/it\/wp-json\/wp\/v2\/media?parent=42187"}],"wp:term":[{"taxonomy":"category","embeddable":true,"href":"https:\/\/www.urbanphotoawards.com\/it\/wp-json\/wp\/v2\/categories?post=42187"},{"taxonomy":"post_tag","embeddable":true,"href":"https:\/\/www.urbanphotoawards.com\/it\/wp-json\/wp\/v2\/tags?post=42187"}],"curies":[{"name":"wp","href":"https:\/\/api.w.org\/{rel}","templated":true}]}}