{"id":42159,"date":"2026-04-24T17:51:57","date_gmt":"2026-04-24T15:51:57","guid":{"rendered":"https:\/\/www.urbanphotoawards.com\/?p=42159"},"modified":"2026-04-24T17:51:57","modified_gmt":"2026-04-24T15:51:57","slug":"salvo-galano","status":"publish","type":"post","link":"https:\/\/www.urbanphotoawards.com\/it\/salvo-galano\/","title":{"rendered":"Salvo Galano"},"content":{"rendered":"<p>Salvo Galano \u00e8 un <strong>fotografo di ritratto<\/strong> il cui lavoro esplora l&#8217;incontro con l&#8217;altro e la creazione di un momento di fiducia davanti alla macchina fotografica. Ha iniziato a fotografare all&#8217;et\u00e0 di quattordici anni, quando ha scoperto che una fotocamera lo faceva sentire pi\u00f9 a suo agio di una chitarra o di un pallone da calcio. Da allora non ha pi\u00f9 smesso.<\/p>\n<p>Dopo aver studiato Grafica Pubblicitaria e essersi specializzato in Fotografia a Milano, si \u00e8 trasferito a Londra nel 1989, dove ha iniziato a lavorare in ambito editoriale. Dal 1995 al 2001 ha vissuto a New York, collaborando con riviste italiane e internazionali e realizzando campagne pubblicitarie. Nel 1998, grazie a un progetto dedicato a una comunit\u00e0 della foresta amazzonica, ha ricevuto una fellowship dalla <strong>Guggenheim Memorial Foundation<\/strong> di New York. Da quell&#8217;esperienza sono nati <em><strong>Sidewalk Stories<\/strong><\/em> (PowerHouse Books, NY), seguito da <em>Facial Landscapes<\/em> (Cappelletti Arte Contemporanea) e <em>L\u2019isola<\/em> (Peliti Associati), tre libri che esplorano il volto umano come paesaggio e come racconto di identit\u00e0.<\/p>\n<p>Le sue fotografie sono state esposte in Italia, Stati Uniti, Francia, Paesi Bassi, Serbia e Spagna. A un certo punto ha sentito il bisogno di portare altrove il proprio sguardo, anche fisicamente. Da questa esigenza sono nate due mostre subacquee: <em>Passaggio a Sud-Est<\/em> (2014), nelle acque dell&#8217;isola di Ponza, e <em>Stars &#8211; Humanity Is the Best Blessing of Mankind<\/em> (2016), nel mare di Lampedusa, concepita come riflessione sull&#8217;integrazione nel cuore simbolico dei flussi migratori europei. Portare la fotografia a un&#8217;altra profondit\u00e0 ha rappresentato per lui un passaggio naturale.<\/p>\n<p>Vive e lavora tra progetti editoriali, pubblicitari, di design ed espositivi, mantenendo una costante attenzione al ritratto come spazio di relazione e alla fotografia come esperienza condivisa.<\/p>","protected":false},"excerpt":{"rendered":"<p>Salvo Galano \u00e8 un fotografo di ritratto il cui lavoro esplora l&#8217;incontro con l&#8217;altro e la creazione di un momento di fiducia davanti alla macchina fotografica. Ha iniziato a fotografare all&#8217;et\u00e0 di quattordici anni, quando ha scoperto che una fotocamera lo faceva sentire pi\u00f9 a [&hellip;]<\/p>\n","protected":false},"author":1,"featured_media":42162,"comment_status":"closed","ping_status":"open","sticky":false,"template":"","format":"standard","meta":[],"categories":[607],"tags":[],"acf":[],"_links":{"self":[{"href":"https:\/\/www.urbanphotoawards.com\/it\/wp-json\/wp\/v2\/posts\/42159"}],"collection":[{"href":"https:\/\/www.urbanphotoawards.com\/it\/wp-json\/wp\/v2\/posts"}],"about":[{"href":"https:\/\/www.urbanphotoawards.com\/it\/wp-json\/wp\/v2\/types\/post"}],"author":[{"embeddable":true,"href":"https:\/\/www.urbanphotoawards.com\/it\/wp-json\/wp\/v2\/users\/1"}],"replies":[{"embeddable":true,"href":"https:\/\/www.urbanphotoawards.com\/it\/wp-json\/wp\/v2\/comments?post=42159"}],"version-history":[{"count":1,"href":"https:\/\/www.urbanphotoawards.com\/it\/wp-json\/wp\/v2\/posts\/42159\/revisions"}],"predecessor-version":[{"id":42163,"href":"https:\/\/www.urbanphotoawards.com\/it\/wp-json\/wp\/v2\/posts\/42159\/revisions\/42163"}],"wp:featuredmedia":[{"embeddable":true,"href":"https:\/\/www.urbanphotoawards.com\/it\/wp-json\/wp\/v2\/media\/42162"}],"wp:attachment":[{"href":"https:\/\/www.urbanphotoawards.com\/it\/wp-json\/wp\/v2\/media?parent=42159"}],"wp:term":[{"taxonomy":"category","embeddable":true,"href":"https:\/\/www.urbanphotoawards.com\/it\/wp-json\/wp\/v2\/categories?post=42159"},{"taxonomy":"post_tag","embeddable":true,"href":"https:\/\/www.urbanphotoawards.com\/it\/wp-json\/wp\/v2\/tags?post=42159"}],"curies":[{"name":"wp","href":"https:\/\/api.w.org\/{rel}","templated":true}]}}