{"id":42151,"date":"2026-04-24T16:42:52","date_gmt":"2026-04-24T14:42:52","guid":{"rendered":"https:\/\/www.urbanphotoawards.com\/?p=42151"},"modified":"2026-04-24T17:23:42","modified_gmt":"2026-04-24T15:23:42","slug":"nicola-bertellotti","status":"publish","type":"post","link":"https:\/\/www.urbanphotoawards.com\/it\/nicola-bertellotti\/","title":{"rendered":"Nicola Bertellotti"},"content":{"rendered":"<p>Nicola Bertellotti \u00e8 un fotografo professionista nato a Pietrasanta, in Toscana. Dopo gli studi in Storia all&#8217;Universit\u00e0 di Pisa, ha iniziato a viaggiare per il mondo alla ricerca della gloria passata dei luoghi dimenticati. Ci\u00f2 che emerge dalla sua estetica \u00e8 la <strong>nostalgia per un paradiso perduto<\/strong>, espressa attraverso l&#8217;amore per le rovine e una reinterpretazione fotografica della poesia decadente.<\/p>\n<p>Ha esposto in varie gallerie d&#8217;arte contemporanea e musei; tra le sue principali mostre figurano: <em>Hic sunt dracones<\/em>, Castel dell\u2019Ovo, Napoli; <em>The Great Beauty<\/em>, P\u00e4rnu Museum, Estonia; <em>Paradiso Perduto<\/em>, Estella Gallery, New Orleans. Nel 2021 \u00e8 stato inserito nel programma ufficiale del <strong>Brescia Photo Festival<\/strong> con <em>Sipario<\/em>, progetto dedicato all&#8217;abbandono dei luoghi della cultura. Nel 2022 ha vinto il <strong>Trento Art Prize<\/strong> e il prestigioso <strong>Premio Arte<\/strong> organizzato da Cairo Editore. Nel 2023 ha ricevuto il primo premio nel concorso AIPAI con una serie dedicata all&#8217;archeologia industriale. Nel 2024 una sua opera di grande formato \u00e8 stata installata permanentemente in una pensilina ad Aosta. Nel 2025 ha vinto il primo posto nel concorso Rovine di Puglia.<\/p>\n<p>Le sue opere fanno parte di collezioni pubbliche e private e sono apparse in numerose riviste. Ha pubblicato due libri: <em>Fenomenologia della fine<\/em> (Petrartedizioni, 2014) e <em>In Absentia<\/em> (Snap Collective Publishing, 2022).<\/p>\n<p><strong>Website:<\/strong> <strong><a href=\"https:\/\/www.nicolabertellotti.com\" target=\"_blank\" rel=\"noopener nofollow\">www.nicolabertellotti.com<\/a><\/strong><br \/>\n<strong>Instagram:<\/strong> <strong><a href=\"https:\/\/www.instagram.com\/nicola_bertellotti\/\" target=\"_blank\" rel=\"noopener nofollow\">https:\/\/www.instagram.com\/nicola_bertellotti\/<\/a><\/strong><\/p>","protected":false},"excerpt":{"rendered":"<p>Nicola Bertellotti \u00e8 un fotografo professionista nato a Pietrasanta, in Toscana. Dopo gli studi in Storia all&#8217;Universit\u00e0 di Pisa, ha iniziato a viaggiare per il mondo alla ricerca della gloria passata dei luoghi dimenticati. Ci\u00f2 che emerge dalla sua estetica \u00e8 la nostalgia per un [&hellip;]<\/p>\n","protected":false},"author":1,"featured_media":42152,"comment_status":"closed","ping_status":"open","sticky":false,"template":"","format":"standard","meta":[],"categories":[607],"tags":[],"acf":[],"_links":{"self":[{"href":"https:\/\/www.urbanphotoawards.com\/it\/wp-json\/wp\/v2\/posts\/42151"}],"collection":[{"href":"https:\/\/www.urbanphotoawards.com\/it\/wp-json\/wp\/v2\/posts"}],"about":[{"href":"https:\/\/www.urbanphotoawards.com\/it\/wp-json\/wp\/v2\/types\/post"}],"author":[{"embeddable":true,"href":"https:\/\/www.urbanphotoawards.com\/it\/wp-json\/wp\/v2\/users\/1"}],"replies":[{"embeddable":true,"href":"https:\/\/www.urbanphotoawards.com\/it\/wp-json\/wp\/v2\/comments?post=42151"}],"version-history":[{"count":1,"href":"https:\/\/www.urbanphotoawards.com\/it\/wp-json\/wp\/v2\/posts\/42151\/revisions"}],"predecessor-version":[{"id":42153,"href":"https:\/\/www.urbanphotoawards.com\/it\/wp-json\/wp\/v2\/posts\/42151\/revisions\/42153"}],"wp:featuredmedia":[{"embeddable":true,"href":"https:\/\/www.urbanphotoawards.com\/it\/wp-json\/wp\/v2\/media\/42152"}],"wp:attachment":[{"href":"https:\/\/www.urbanphotoawards.com\/it\/wp-json\/wp\/v2\/media?parent=42151"}],"wp:term":[{"taxonomy":"category","embeddable":true,"href":"https:\/\/www.urbanphotoawards.com\/it\/wp-json\/wp\/v2\/categories?post=42151"},{"taxonomy":"post_tag","embeddable":true,"href":"https:\/\/www.urbanphotoawards.com\/it\/wp-json\/wp\/v2\/tags?post=42151"}],"curies":[{"name":"wp","href":"https:\/\/api.w.org\/{rel}","templated":true}]}}