{"id":42141,"date":"2026-04-23T18:34:39","date_gmt":"2026-04-23T16:34:39","guid":{"rendered":"https:\/\/www.urbanphotoawards.com\/?p=42141"},"modified":"2026-04-23T18:34:39","modified_gmt":"2026-04-23T16:34:39","slug":"wesley-verhoeve","status":"publish","type":"post","link":"https:\/\/www.urbanphotoawards.com\/it\/wesley-verhoeve\/","title":{"rendered":"Wesley Verhoeve"},"content":{"rendered":"<p>Wesley Verhoeve \u00e8 un fotografo, writer, curatore e filmmaker con base ad Amsterdam, dopo due decenni trascorsi a New York City. Il suo lavoro esplora storie umane incentrate su artigianalit\u00e0, curiosit\u00e0 e comunit\u00e0, ed \u00e8 apparso su <em>The New York Times<\/em>, National Geographic, <em>Wired<\/em>, <em>The Washington Post<\/em> e <em>New York Magazine<\/em>, tra gli altri.<\/p>\n<p>Wesley \u00e8 il <strong>curatore fondatore di <em>Projected<\/em><\/strong> presso l&#8217;<strong>International Center of Photography<\/strong> di New York, dove ha programmato 96 mostre con oltre 300 fotografi provenienti da 53 paesi. \u00c8 anche l&#8217;autore di <em>Process<\/em>, una newsletter settimanale sulla fotografia e sulla ricerca della propria voce, letta da oltre <strong>19.000 fotografi in 154 paesi<\/strong>. La sua prima monografia, <em>NOTICE<\/em>, \u00e8 stata pubblicata da New Style Publishing nel 2021, seguita da <em>NOTICE Journal, Volume One<\/em> nel 2024. Accanto al lavoro commerciale ed editoriale, Wesley \u00e8 conosciuto per progetti documentari comunitari di ampia scala, tra cui <em>Vliegwiel<\/em> (100 founder di startup olandesi), <em>The Best Medicine<\/em> (100 comici di Amsterdam) e <em>Creatives In\/AMS<\/em> (52 creativi basati ad Amsterdam), ciascuno pubblicato in forma di zine.<\/p>\n<p><strong>Su <em>NOTICE Journal, Volume 2<\/em><\/strong><br \/>\n<em>NOTICE Journal, Volume 2<\/em> \u00e8 un fotolibro nato da un corpus di lavori realizzato in Ucraina nell&#8217;estate del 2025, pubblicato da New Style Publishing. Le immagini sono state scattate con una Olympus Pen-F half-frame del 1964, che produce due fotogrammi affiancati su un singolo negativo 35mm, creando dittici in camera che accostano momenti di vita quotidiana cos\u00ec come si svolgono. Il progetto documenta i ritmi ordinari del vivere in un paese in guerra: pasti, giardini, famiglia, lavoro, riposo. \u00c8 il terzo libro della serie <em>NOTICE<\/em>, dopo <em>NOTICE<\/em> (2021) e <em>NOTICE Journal, Volume One<\/em> (2024), e sar\u00e0 pubblicato nell&#8217;ottobre 2026.<\/p>","protected":false},"excerpt":{"rendered":"<p>Wesley Verhoeve \u00e8 un fotografo, writer, curatore e filmmaker con base ad Amsterdam, dopo due decenni trascorsi a New York City. Il suo lavoro esplora storie umane incentrate su artigianalit\u00e0, curiosit\u00e0 e comunit\u00e0, ed \u00e8 apparso su The New York Times, National Geographic, Wired, The [&hellip;]<\/p>\n","protected":false},"author":1,"featured_media":42142,"comment_status":"closed","ping_status":"open","sticky":false,"template":"","format":"standard","meta":[],"categories":[607],"tags":[],"acf":[],"_links":{"self":[{"href":"https:\/\/www.urbanphotoawards.com\/it\/wp-json\/wp\/v2\/posts\/42141"}],"collection":[{"href":"https:\/\/www.urbanphotoawards.com\/it\/wp-json\/wp\/v2\/posts"}],"about":[{"href":"https:\/\/www.urbanphotoawards.com\/it\/wp-json\/wp\/v2\/types\/post"}],"author":[{"embeddable":true,"href":"https:\/\/www.urbanphotoawards.com\/it\/wp-json\/wp\/v2\/users\/1"}],"replies":[{"embeddable":true,"href":"https:\/\/www.urbanphotoawards.com\/it\/wp-json\/wp\/v2\/comments?post=42141"}],"version-history":[{"count":1,"href":"https:\/\/www.urbanphotoawards.com\/it\/wp-json\/wp\/v2\/posts\/42141\/revisions"}],"predecessor-version":[{"id":42143,"href":"https:\/\/www.urbanphotoawards.com\/it\/wp-json\/wp\/v2\/posts\/42141\/revisions\/42143"}],"wp:featuredmedia":[{"embeddable":true,"href":"https:\/\/www.urbanphotoawards.com\/it\/wp-json\/wp\/v2\/media\/42142"}],"wp:attachment":[{"href":"https:\/\/www.urbanphotoawards.com\/it\/wp-json\/wp\/v2\/media?parent=42141"}],"wp:term":[{"taxonomy":"category","embeddable":true,"href":"https:\/\/www.urbanphotoawards.com\/it\/wp-json\/wp\/v2\/categories?post=42141"},{"taxonomy":"post_tag","embeddable":true,"href":"https:\/\/www.urbanphotoawards.com\/it\/wp-json\/wp\/v2\/tags?post=42141"}],"curies":[{"name":"wp","href":"https:\/\/api.w.org\/{rel}","templated":true}]}}