{"id":42138,"date":"2026-04-23T18:33:16","date_gmt":"2026-04-23T16:33:16","guid":{"rendered":"https:\/\/www.urbanphotoawards.com\/?p=42138"},"modified":"2026-04-23T18:33:32","modified_gmt":"2026-04-23T16:33:32","slug":"udit-kulshrestha","status":"publish","type":"post","link":"https:\/\/www.urbanphotoawards.com\/it\/udit-kulshrestha\/","title":{"rendered":"Udit Kulshrestha"},"content":{"rendered":"<p><strong>Biografia di Udit Kulshrestha:<\/strong><\/p>\n<p>Udit Kulshrestha (n. Rajkot, 1977) proviene da una famiglia delle Forze Armate con forti radici artistiche. Formato in Business Management, ha lavorato nel marketing, nell&#8217;innovazione e nella strategia prima di scoprire la fotografia nel 2006. <strong>Fotografo autodidatta e artista visivo<\/strong>, spinge i confini del medium creando oggetti d&#8217;arte contemporanea e installazioni fotografiche. Attualmente sta documentando geografie poco viste dell&#8217;India nord-orientale e dell&#8217;Odisha, concentrandosi sulle comunit\u00e0 indigene e sui temi della terra, delle persone e della cultura nelle zone di conflitto.<\/p>\n<p>Fotografo su commissione specializzato in ritratti di leadership e fotogiornalismo, i suoi lavori sono apparsi su <em>Time<\/em>, BBC, <em>Financial Times<\/em>, <em>Wall Street Journal<\/em>, Bloomberg, <em>Vanity Fair<\/em>, Forbes e altre testate. Destinatario di importanti premi e grant, le sue stampe e i suoi oggetti fanno parte di collezioni in India e a livello internazionale. \u201cLa fotografia mi aiuta a trovare me stesso\u201d, afferma. \u201cNon \u00e8 il modo in cui vedi il mondo, ma il tuo rapporto con esso, a rendere la fotografia ci\u00f2 che \u00e8.\u201d Autore del fotolibro <em>Darwaze<\/em>, vive tra Agra e Nuova Delhi ed \u00e8 cofondatore di <strong>Chitr Sanstha<\/strong>, fondazione non profit dedicata alla fotografia.<\/p>\n<p><strong>Mostre:<\/strong><\/p>\n<ul>\n<li><strong>India Art Fair<\/strong> \u2013 2026, 2025, 2024, 2023, 2022, 2020, 2019, 2018, 2017, 2016, 2015, 2014, Wonderwall, Delhi<\/li>\n<li><em>The Soul of Rajasthan<\/em>, Wonderwall, Bikaner House, New Delhi, aprile 2026<\/li>\n<li><em>Porous Boundaries<\/em>, Wonderwall, Goa, ottobre 2025<\/li>\n<li><em>Ecstasy of Colour<\/em>, Wonderwall, New Delhi, aprile 2024 [Solo]<\/li>\n<li><em>Mela Moments<\/em>, Min. of Culture, Lalit Kala Academies, New Delhi, marzo 2024<\/li>\n<li><em>Mela Moments<\/em>, Min. of Culture, National Gallery of Modern Art, New Delhi, febbraio 2024<\/li>\n<li>India Art, Architecture &amp; Design Biennale, 2023, Delhi (a cura di Aditya Arya)<\/li>\n<li><em>Mela Moments<\/em>, Rashtrapati Bhavan, New Delhi, 2023<\/li>\n<li>India Photo Festival, Hyderabad, 2018 (Photobook \u2013 <em>Darwaze<\/em>)<\/li>\n<li><em>The Portrait Project<\/em>, Serendipity Arts, Goa 2017 (a cura di Dinesh Khanna)<\/li>\n<li><em>50:50<\/em>, A 50 Year Centenary of Birla Arts, Kolkata, 2017 (a cura di Johny ML)<\/li>\n<li><em>Parallel Cities<\/em>, ProHelvetia, Max Mueller, New Delhi (a cura di Devika Daulet Singh)<\/li>\n<li><em>Living Art Expanse<\/em>, Galerie De Arte, New Delhi 2009 (a cura di Sushma Bahl)<\/li>\n<li><em>DestinAsian:Viewfinder\u2013Photography from India in UK<\/em>, Viewfinder Gallery, London, 2008<\/li>\n<li>Dal 2007 in poi, parte di numerose mostre collettive con Gallery Sanskriti (Calcutta), Apparao (Chennai), Gallery Ragini (Delhi) e Wonderwall (Delhi)<\/li>\n<\/ul>\n<p><strong>Menzioni d&#8217;onore e premi:<\/strong><\/p>\n<ul>\n<li>Global Photowalk Host (Agra, India), Fotoapp, 2025<\/li>\n<li>Giurato, <strong>SIENA AWARDS International Photo Contest<\/strong>, Italy (SIPA), 2024<\/li>\n<li><em>Mela Moments Photography Contest<\/em>, 2020, 1st Prize (<em>Mela Vibes<\/em>)<\/li>\n<li>Rising Tide Award, Hong Kong DDB Wordwide (Advertising &#8211; 2009)<\/li>\n<li>Nominee, One Show Awards (Advertising \u2013 2009)<\/li>\n<li>Honorary Mention Photo Essay category, Media Foundation of India Awards, 2013<\/li>\n<li>Times Now: Seagrams\u2019 Good Crusaders Talk Fellow for Photojournalism in NE, 2017<\/li>\n<li>Sahapedia Frames Grantee, 2018 (<em>Kannauj Itr<\/em>)<\/li>\n<\/ul>\n<p><strong>Curatele:<\/strong><\/p>\n<ul>\n<li>Raghu Rai in Chennai, Apparao Galleries, Chennai 2012<\/li>\n<li><em>Keeping up Appearances \u2013 Human forms<\/em>, O\u2019 Palacio, New Delhi 2010<\/li>\n<li><em>Juvenilia Juxtaposed<\/em> \u2013 Gallery Ragini, New Delhi 2009<\/li>\n<li><em>Life &amp; Times of Bauji: Sh. OP Jindal<\/em>, Jindal Steel, 2008<\/li>\n<\/ul>\n<p><strong><a href=\"http:\/\/www.uditkulshrestha.com\" target=\"_blank\" rel=\"noopener nofollow\">http:\/\/www.uditkulshrestha.com<\/a><\/strong><\/p>","protected":false},"excerpt":{"rendered":"<p>Biografia di Udit Kulshrestha: Udit Kulshrestha (n. Rajkot, 1977) proviene da una famiglia delle Forze Armate con forti radici artistiche. Formato in Business Management, ha lavorato nel marketing, nell&#8217;innovazione e nella strategia prima di scoprire la fotografia nel 2006. Fotografo autodidatta e artista visivo, spinge [&hellip;]<\/p>\n","protected":false},"author":1,"featured_media":42139,"comment_status":"closed","ping_status":"open","sticky":false,"template":"","format":"standard","meta":[],"categories":[607],"tags":[],"acf":[],"_links":{"self":[{"href":"https:\/\/www.urbanphotoawards.com\/it\/wp-json\/wp\/v2\/posts\/42138"}],"collection":[{"href":"https:\/\/www.urbanphotoawards.com\/it\/wp-json\/wp\/v2\/posts"}],"about":[{"href":"https:\/\/www.urbanphotoawards.com\/it\/wp-json\/wp\/v2\/types\/post"}],"author":[{"embeddable":true,"href":"https:\/\/www.urbanphotoawards.com\/it\/wp-json\/wp\/v2\/users\/1"}],"replies":[{"embeddable":true,"href":"https:\/\/www.urbanphotoawards.com\/it\/wp-json\/wp\/v2\/comments?post=42138"}],"version-history":[{"count":1,"href":"https:\/\/www.urbanphotoawards.com\/it\/wp-json\/wp\/v2\/posts\/42138\/revisions"}],"predecessor-version":[{"id":42140,"href":"https:\/\/www.urbanphotoawards.com\/it\/wp-json\/wp\/v2\/posts\/42138\/revisions\/42140"}],"wp:featuredmedia":[{"embeddable":true,"href":"https:\/\/www.urbanphotoawards.com\/it\/wp-json\/wp\/v2\/media\/42139"}],"wp:attachment":[{"href":"https:\/\/www.urbanphotoawards.com\/it\/wp-json\/wp\/v2\/media?parent=42138"}],"wp:term":[{"taxonomy":"category","embeddable":true,"href":"https:\/\/www.urbanphotoawards.com\/it\/wp-json\/wp\/v2\/categories?post=42138"},{"taxonomy":"post_tag","embeddable":true,"href":"https:\/\/www.urbanphotoawards.com\/it\/wp-json\/wp\/v2\/tags?post=42138"}],"curies":[{"name":"wp","href":"https:\/\/api.w.org\/{rel}","templated":true}]}}