{"id":37430,"date":"2025-03-31T16:05:56","date_gmt":"2025-03-31T14:05:56","guid":{"rendered":"https:\/\/www.urbanphotoawards.com\/?p=37430"},"modified":"2025-04-10T17:41:55","modified_gmt":"2025-04-10T15:41:55","slug":"obinna-obioma","status":"publish","type":"post","link":"https:\/\/www.urbanphotoawards.com\/it\/obinna-obioma\/","title":{"rendered":"Obinna Obioma"},"content":{"rendered":"<p>Artista visivo, fotografo e direttore artistico di origine nigeriana, Obinna Obioma vive a New York, negli Stati Uniti, ma si sposta tra Abuja, Nigeria, Londra, Regno Unito per lavori su commissione e progetti personali.<\/p>\n<p>Nel corso degli anni, il suo lavoro si \u00e8 spostato dai soli ritratti verso uno stile, tema, motivi e direzione definiti. Il suo lavoro \u00e8 incentrato sull&#8217;individualit\u00e0 e l&#8217;identit\u00e0, che sono per lo pi\u00f9 rappresentate al meglio nei ritratti e spesso utilizzano la sua eredit\u00e0 africana come ancora, ispirazione e\/o tema per la maggior parte del suo lavoro.<\/p>\n<p>Le opere di Obinna hanno ottenuto consensi internazionali, hanno vinto numerosi premi (anche da parte di Canon) e sono state presentate in prestigiose pubblicazioni come BBC, ArtConnect Magazine, Vogue Italia, The Guardian e OkeyAfrica. I suoi progetti artistici sono stati esposti in numerose gallerie nazionali e internazionali ed \u00e8 stato un ospite illustre in vari programmi radiofonici e televisivi negli Stati Uniti e all&#8217;estero.<\/p>","protected":false},"excerpt":{"rendered":"<p>Artista visivo, fotografo e direttore artistico di origine nigeriana, Obinna Obioma vive a New York, negli Stati Uniti, ma si sposta tra Abuja, Nigeria, Londra, Regno Unito per lavori su commissione e progetti personali. Nel corso degli anni, il suo lavoro si \u00e8 spostato dai [&hellip;]<\/p>\n","protected":false},"author":1,"featured_media":37431,"comment_status":"closed","ping_status":"closed","sticky":false,"template":"","format":"standard","meta":[],"categories":[597,126],"tags":[],"acf":[],"_links":{"self":[{"href":"https:\/\/www.urbanphotoawards.com\/it\/wp-json\/wp\/v2\/posts\/37430"}],"collection":[{"href":"https:\/\/www.urbanphotoawards.com\/it\/wp-json\/wp\/v2\/posts"}],"about":[{"href":"https:\/\/www.urbanphotoawards.com\/it\/wp-json\/wp\/v2\/types\/post"}],"author":[{"embeddable":true,"href":"https:\/\/www.urbanphotoawards.com\/it\/wp-json\/wp\/v2\/users\/1"}],"replies":[{"embeddable":true,"href":"https:\/\/www.urbanphotoawards.com\/it\/wp-json\/wp\/v2\/comments?post=37430"}],"version-history":[{"count":2,"href":"https:\/\/www.urbanphotoawards.com\/it\/wp-json\/wp\/v2\/posts\/37430\/revisions"}],"predecessor-version":[{"id":37616,"href":"https:\/\/www.urbanphotoawards.com\/it\/wp-json\/wp\/v2\/posts\/37430\/revisions\/37616"}],"wp:featuredmedia":[{"embeddable":true,"href":"https:\/\/www.urbanphotoawards.com\/it\/wp-json\/wp\/v2\/media\/37431"}],"wp:attachment":[{"href":"https:\/\/www.urbanphotoawards.com\/it\/wp-json\/wp\/v2\/media?parent=37430"}],"wp:term":[{"taxonomy":"category","embeddable":true,"href":"https:\/\/www.urbanphotoawards.com\/it\/wp-json\/wp\/v2\/categories?post=37430"},{"taxonomy":"post_tag","embeddable":true,"href":"https:\/\/www.urbanphotoawards.com\/it\/wp-json\/wp\/v2\/tags?post=37430"}],"curies":[{"name":"wp","href":"https:\/\/api.w.org\/{rel}","templated":true}]}}