{"id":32051,"date":"2024-05-29T15:16:30","date_gmt":"2024-05-29T13:16:30","guid":{"rendered":"https:\/\/www.urbanphotoawards.com\/?p=32051"},"modified":"2024-06-03T16:06:31","modified_gmt":"2024-06-03T14:06:31","slug":"harry-gruyaert-as-president-of-jury-for-urban-2024","status":"publish","type":"post","link":"https:\/\/www.urbanphotoawards.com\/it\/harry-gruyaert-as-president-of-jury-for-urban-2024\/","title":{"rendered":"Il fotografo Magnum Harry Gruyaert Presidente della Giuria per URBAN 2024"},"content":{"rendered":"<p style=\"text-align: justify;\">\n<p style=\"text-align: justify;\">Quest&#8217;anno, URBAN Photo Awards ha l&#8217;onore di avere il fotografo <em>Magnum<\/em> <strong>Harry Gruyaert<\/strong> come presidente della giuria. Gruyaert, insieme a una giuria di stimati professionisti del settore, tra cui <strong>Adam Pretty<\/strong> e <strong>Paul Gadd,<\/strong> selezioner\u00e0 meticolosamente i vincitori tra le migliaia di immagini presentate. URBAN \u00e8 orgogliosa di aver ospitato fotografi leggendari come <strong>presidenti di giuria<\/strong>: <strong><a href=\"https:\/\/www.urbanphotoawards.com\/it\/alec-soth\/\">Alec Soth<\/a>, <a href=\"https:\/\/www.urbanphotoawards.com\/it\/nino-migliori\/\">Nino Migliori<\/a>, <a href=\"https:\/\/www.urbanphotoawards.com\/it\/bruce-gilden-jury-president\/\">Bruce Gilden<\/a>, <a href=\"https:\/\/www.urbanphotoawards.com\/it\/alex-webb\/\">Alex Webb<\/a>,\u00a0 <a href=\"https:\/\/www.urbanphotoawards.com\/it\/martin-parr\/\">Martin Parr<\/a> <\/strong>e<a href=\"https:\/\/www.urbanphotoawards.com\/en\/tatsuo-suzuki\/\"><strong> Tatsuo Suzuki<\/strong><\/a>, solo per citarne alcuni.<\/p>\n<p style=\"text-align: justify;\"><strong>URBAN Photo Awards<\/strong> \u00e8 un evento annuale che si svolge dall&#8217;inizio di aprile alla fine di giugno e viene celebrato l&#8217;ultimo fine settimana di ottobre attraverso l&#8217;evento conclusivo <a href=\"https:\/\/www.triestephotodays.com\/en\/\" target=\"_blank\" rel=\"nofollow\"><strong>Trieste Photo Days<\/strong><\/a> e la cerimonia di premiazione URBAN. Il festival \u00e8 un raduno di appassionati di fotografia provenienti da tutto il mondo. L&#8217;evento offre una <strong>variet\u00e0 di attivit\u00e0<\/strong>, tra cui workshop, conferenze, tour e altro ancora, fornendo un&#8217;eccellente opportunit\u00e0 per incontrare altri fotografi, mostrare il proprio lavoro e imparare di pi\u00f9 sull&#8217;arte e sul mestiere della fotografia.<\/p>\n<p style=\"text-align: justify;\"><div class=\"su-spacer\" style=\"height:20px\"><\/div>\n<h3 style=\"text-align: justify;\"><strong>Harry Gruyaert<\/strong><\/h3>\n<p style=\"text-align: justify;\"><div class=\"su-spacer\" style=\"height:10px\"><\/div>\n<p style=\"text-align: justify;\">Nato in Belgio nel 1941, Harry Gruyaert si trasferisce a Parigi nel 1962 per dedicarsi alla fotografia. Influenzato dalla Pop Art durante una visita a New York nel 1968, inizia a vedere gli oggetti quotidiani in modo diverso. All&#8217;inizio degli anni Settanta, a Londra, i colori dei primi schermi televisivi ispirarono la sua serie TV Shots, ora nella collezione del Centre Pompidou.<\/p>\n<p style=\"text-align: justify;\">Per tutti gli anni Settanta, Gruyaert ha fotografato in Nord Africa, Medio Oriente, Stati Uniti, Europa e India, con l&#8217;obiettivo di catturare l&#8217;essenza di ogni luogo e di ogni tempo. Nel 1982 entra a far parte della <a href=\"https:\/\/www.magnumphotos.com\/\" target=\"_blank\" rel=\"nofollow\"><strong>Magnum Photos<\/strong> <\/a>e crea serie importanti come Rivages e East\/West. Il suo lavoro \u00e8 stato esposto in numerose mostre, tra cui retrospettive a Parigi (2015) e Anversa (2018). Le foto di Gruyaert sono conservate in importanti collezioni come quella del Centre Georges Pompidou.<\/p>\n<p style=\"text-align: justify;\"><div class=\"su-spacer\" style=\"height:20px\"><\/div>\n<div class=\"rgg-container\" data-rgg-id=\"1\">    <div class=\"rgg-imagegrid captions-overlay-hover-show captions-effect-slide_up \" data-rgg-id=\"1\">\n                    <a href=\"https:\/\/www.urbanphotoawards.com\/wp-content\/uploads\/2024\/06\/001-GRH1981005K089.jpg\" data-rel=\"rgglightbox-gallery-0\" rel=\"rgg\"  class=\"rgg-disabled size-full rgg-img rl-gallery-link\"  data-src=\"https:\/\/www.urbanphotoawards.com\/wp-content\/uploads\/2024\/06\/001-GRH1981005K089.jpg\" data-ratio=\"1.5011547344111\" data-height=\"866\" data-width=\"1300\" aria-label=\"BELGIUM. Waterloo Battle Commemoration. 1988\" title=\"\" data-rl_title=\"\" data-rl_caption=\"\">\n                <span class=\"rgg-caption-container\"><span class=\"rgg-caption\"><span class=\"rgg-inner-caption\">BELGIUM. Waterloo Battle Commemoration. 1988<\/span><\/span><\/span>            <\/a>\n                    <a href=\"https:\/\/www.urbanphotoawards.com\/wp-content\/uploads\/2024\/06\/003-GRH1982011K001.jpg\" data-rel=\"rgglightbox-gallery-0\" rel=\"rgg\"  class=\"rgg-disabled size-full rgg-img rl-gallery-link\"  data-src=\"https:\/\/www.urbanphotoawards.com\/wp-content\/uploads\/2024\/06\/003-GRH1982011K001.jpg\" data-ratio=\"1.4994232987313\" data-height=\"867\" data-width=\"1300\" aria-label=\"USA. Californa. Los Angeles. 1982\" title=\"\" data-rl_title=\"\" data-rl_caption=\"\">\n                <span class=\"rgg-caption-container\"><span class=\"rgg-caption\"><span class=\"rgg-inner-caption\">USA. Californa. Los Angeles. 1982<\/span><\/span><\/span>            <\/a>\n                    <a href=\"https:\/\/www.urbanphotoawards.com\/wp-content\/uploads\/2024\/06\/006-GRH1988010K008.jpg\" data-rel=\"rgglightbox-gallery-0\" rel=\"rgg\"  class=\"rgg-disabled size-full rgg-img rl-gallery-link\"  data-src=\"https:\/\/www.urbanphotoawards.com\/wp-content\/uploads\/2024\/06\/006-GRH1988010K008.jpg\" data-ratio=\"1.4994232987313\" data-height=\"867\" data-width=\"1300\" aria-label=\"MOROCCO. Meknes. Souk. 1988\" title=\"\" data-rl_title=\"\" data-rl_caption=\"\">\n                <span class=\"rgg-caption-container\"><span class=\"rgg-caption\"><span class=\"rgg-inner-caption\">MOROCCO. Meknes. Souk. 1988<\/span><\/span><\/span>            <\/a>\n                    <a href=\"https:\/\/www.urbanphotoawards.com\/wp-content\/uploads\/2024\/06\/009-GRH1989001K064.jpg\" data-rel=\"rgglightbox-gallery-0\" rel=\"rgg\"  class=\"rgg-disabled size-full rgg-img rl-gallery-link\"  data-src=\"https:\/\/www.urbanphotoawards.com\/wp-content\/uploads\/2024\/06\/009-GRH1989001K064.jpg\" data-ratio=\"1.4994232987313\" data-height=\"867\" data-width=\"1300\" aria-label=\"USSR. Moscow. Lavatories. 1989\" title=\"\" data-rl_title=\"\" data-rl_caption=\"\">\n                <span class=\"rgg-caption-container\"><span class=\"rgg-caption\"><span class=\"rgg-inner-caption\">USSR. Moscow. Lavatories. 1989<\/span><\/span><\/span>            <\/a>\n                    <a href=\"https:\/\/www.urbanphotoawards.com\/wp-content\/uploads\/2024\/06\/010-GRH1991007K006.jpg\" data-rel=\"rgglightbox-gallery-0\" rel=\"rgg\"  class=\"rgg-disabled size-full rgg-img rl-gallery-link\"  data-src=\"https:\/\/www.urbanphotoawards.com\/wp-content\/uploads\/2024\/06\/010-GRH1991007K006.jpg\" data-ratio=\"1.4994232987313\" data-height=\"867\" data-width=\"1300\" aria-label=\"FRANCE. Fort-Mahon. 1991\" title=\"\" data-rl_title=\"\" data-rl_caption=\"\">\n                <span class=\"rgg-caption-container\"><span class=\"rgg-caption\"><span class=\"rgg-inner-caption\">FRANCE. Fort-Mahon. 1991<\/span><\/span><\/span>            <\/a>\n                    <a href=\"https:\/\/www.urbanphotoawards.com\/wp-content\/uploads\/2024\/06\/012-GRH1982008K193.jpg\" data-rel=\"rgglightbox-gallery-0\" rel=\"rgg\"  class=\"rgg-disabled size-full rgg-img rl-gallery-link\"  data-src=\"https:\/\/www.urbanphotoawards.com\/wp-content\/uploads\/2024\/06\/012-GRH1982008K193.jpg\" data-ratio=\"1.4994232987313\" data-height=\"867\" data-width=\"1300\" aria-label=\"USA. Las Vegas airport. 1982\" title=\"\" data-rl_title=\"\" data-rl_caption=\"\">\n                <span class=\"rgg-caption-container\"><span class=\"rgg-caption\"><span class=\"rgg-inner-caption\">USA. Las Vegas airport. 1982<\/span><\/span><\/span>            <\/a>\n            <\/div>\n<\/div>\n<p style=\"text-align: justify;\"><div class=\"su-spacer\" style=\"height:30px\"><\/div>\n<p style=\"text-align: center;\"><strong>Leggi biografia completa <span style=\"color: #ff9900;\"><a style=\"color: #ff9900;\" href=\"https:\/\/www.urbanphotoawards.com\/it\/harry-gruyaert\/\">qui<\/a>.<\/p>\n<p><a href=\"http:\/\/www.harrygruyaert-film.com\" target=\"_blank\" rel=\"nofollow\"><span style=\"font-size: 18pt;\">www.harrygruyaert-film.com<\/span><\/a><br \/>\n<\/span><\/strong><\/p>\n<p style=\"text-align: center;\"><span style=\"color: #ff9900; font-size: 18pt;\"><strong><a style=\"color: #ff9900;\" href=\"https:\/\/www.magnumphotos.com\/photographer\/harry-gruyaert\/\" target=\"_blank\" rel=\"nofollow\">www.magnumphotos.com\/photographer\/harry-gruyaert<\/a><\/strong><\/span><\/p>\n<p style=\"text-align: justify;\"><div class=\"su-spacer\" style=\"height:30px\"><\/div>\n<h3 style=\"text-align: justify;\"><strong>Premiare il Meglio<\/strong><\/h3>\n<h3 style=\"text-align: justify;\"><div class=\"su-spacer\" style=\"height:10px\"><\/div><\/h3>\n<p style=\"text-align: justify;\">In qualit\u00e0 di Presidente della Giuria, Gruyaert sceglier\u00e0 personalmente il <strong>vincitore assoluto<\/strong> della sezione <strong>Foto Singole<\/strong> e lo incoroner\u00e0 come <em><strong>\u201cFotografo dell&#8217;Anno\u201d.<\/strong><\/em> Sar\u00e0 annunciato e premiato (insieme agli altri fotografi classificati) durante la Cerimonia di Premiazione del concorso al Museo Revoltella &#8211; sabato 26 ottobre 2024 al Trieste Photo Days.<\/p>\n<div class=\"flex flex-grow flex-col max-w-full\" style=\"text-align: justify;\">\n<div class=\"min-h-[20px] text-message flex flex-col items-start whitespace-pre-wrap break-words [.text-message+&amp;]:mt-5 juice:w-full juice:items-end overflow-x-auto gap-2\" dir=\"auto\" data-message-author-role=\"assistant\" data-message-id=\"0dae0390-cfe5-48b6-b031-40cf6ab0a68a\">\n<div class=\"flex w-full flex-col gap-1 juice:empty:hidden juice:first:pt-[3px]\">\n<div class=\"markdown prose w-full break-words dark:prose-invert light\">\n<p>In un&#8217;emozionante battaglia finale dal vivo, Gruyaert decider\u00e0 il vincitore di <a href=\"https:\/\/www.urbanphotoawards.com\/it\/urban-photo-arena\/\"><strong>URBAN Photo Arena<\/strong>,<\/a> la sezione UNDER 35 del concorso. La cosa davvero sorprendente \u00e8 che prender\u00e0 la sua decisione sul palco, incontrando il fotografo in persona. Questa interazione dal vivo promette di essere un momento elettrizzante, che mette in evidenza il legame unico tra la giuria e i talenti emergenti del mondo della fotografia urbana. Non perdete l&#8217;occasione di vedere un fotografo leggendario riconoscere e celebrare la prossima generazione di visionari creativi!<\/p>\n<div class=\"su-spacer\" style=\"height:20px\"><\/div>\n<h3 style=\"text-align: justify;\"><strong>Vincitori Assoluti URBAN<\/strong><\/h3>\n<div class=\"su-spacer\" style=\"height:10px\"><\/div>\n<\/div>\n<\/div>\n<\/div>\n<\/div>\n<div class=\"rgg-container\" data-rgg-id=\"2\">    <div class=\"rgg-imagegrid captions-overlay-hover-show captions-effect-slide_up \" data-rgg-id=\"2\">\n                    <a href=\"https:\/\/www.urbanphotoawards.com\/wp-content\/uploads\/2024\/06\/01_Natalya-Saprunova-\u2013-Going-to-save-themselves-from-the-abnormal-heat.jpg\" data-rel=\"rgglightbox-gallery-1\" rel=\"rgg\"  class=\"rgg-disabled size-full rgg-img rl-gallery-link\"  data-src=\"https:\/\/www.urbanphotoawards.com\/wp-content\/uploads\/2024\/06\/01_Natalya-Saprunova-\u2013-Going-to-save-themselves-from-the-abnormal-heat.jpg\" data-ratio=\"1.5013054830287\" data-height=\"766\" data-width=\"1150\" aria-label=\"2023 - Natalya Saprunova \u2013 Going to save themselves from the abnormal heat\" title=\"\" data-rl_title=\"\" data-rl_caption=\"\">\n                <span class=\"rgg-caption-container\"><span class=\"rgg-caption\"><span class=\"rgg-inner-caption\">2023 - Natalya Saprunova \u2013 Going to save themselves from the abnormal heat<\/span><\/span><\/span>            <\/a>\n                    <a href=\"https:\/\/www.urbanphotoawards.com\/wp-content\/uploads\/2024\/06\/02_Massimiliano-Faralli-\u2013-Jurassic-Street.jpg\" data-rel=\"rgglightbox-gallery-1\" rel=\"rgg\"  class=\"rgg-disabled size-full rgg-img rl-gallery-link\"  data-src=\"https:\/\/www.urbanphotoawards.com\/wp-content\/uploads\/2024\/06\/02_Massimiliano-Faralli-\u2013-Jurassic-Street.jpg\" data-ratio=\"1.4994232987313\" data-height=\"867\" data-width=\"1300\" aria-label=\"2022 - Massimiliano Faralli \u2013 Jurassic Street\" title=\"\" data-rl_title=\"\" data-rl_caption=\"\">\n                <span class=\"rgg-caption-container\"><span class=\"rgg-caption\"><span class=\"rgg-inner-caption\">2022 - Massimiliano Faralli \u2013 Jurassic Street<\/span><\/span><\/span>            <\/a>\n                    <a href=\"https:\/\/www.urbanphotoawards.com\/wp-content\/uploads\/2024\/06\/03_Massimiliano-Faralli-\u2013-Jurassic-Street.jpg\" data-rel=\"rgglightbox-gallery-1\" rel=\"rgg\"  class=\"rgg-disabled size-full rgg-img rl-gallery-link\"  data-src=\"https:\/\/www.urbanphotoawards.com\/wp-content\/uploads\/2024\/06\/03_Massimiliano-Faralli-\u2013-Jurassic-Street.jpg\" data-ratio=\"1.5006821282401\" data-height=\"733\" data-width=\"1100\" aria-label=\"2021 - Nayeem Siddiquee \u2013 Somewhere under the red sky\" title=\"\" data-rl_title=\"\" data-rl_caption=\"\">\n                <span class=\"rgg-caption-container\"><span class=\"rgg-caption\"><span class=\"rgg-inner-caption\">2021 - Nayeem Siddiquee \u2013 Somewhere under the red sky<\/span><\/span><\/span>            <\/a>\n                    <a href=\"https:\/\/www.urbanphotoawards.com\/wp-content\/uploads\/2024\/06\/04_Harry-Giglio-USA-\u2013-Approaching-Storm-.jpg\" data-rel=\"rgglightbox-gallery-1\" rel=\"rgg\"  class=\"rgg-disabled size-full rgg-img rl-gallery-link\"  data-src=\"https:\/\/www.urbanphotoawards.com\/wp-content\/uploads\/2024\/06\/04_Harry-Giglio-USA-\u2013-Approaching-Storm-.jpg\" data-ratio=\"1.5006821282401\" data-height=\"733\" data-width=\"1100\" aria-label=\"2020 - Harry Giglio (USA) \u2013 Approaching Storm\" title=\"\" data-rl_title=\"\" data-rl_caption=\"\">\n                <span class=\"rgg-caption-container\"><span class=\"rgg-caption\"><span class=\"rgg-inner-caption\">2020 - Harry Giglio (USA) \u2013 Approaching Storm<\/span><\/span><\/span>            <\/a>\n                    <a href=\"https:\/\/www.urbanphotoawards.com\/wp-content\/uploads\/2024\/06\/05_Coexhistence-Md-Enamul-Kabir.jpg\" data-rel=\"rgglightbox-gallery-1\" rel=\"rgg\"  class=\"rgg-disabled size-full rgg-img rl-gallery-link\"  data-src=\"https:\/\/www.urbanphotoawards.com\/wp-content\/uploads\/2024\/06\/05_Coexhistence-Md-Enamul-Kabir.jpg\" data-ratio=\"1.5006821282401\" data-height=\"733\" data-width=\"1100\" aria-label=\"2019_Coexhistence Md Enamul Kabir\" title=\"\" data-rl_title=\"\" data-rl_caption=\"\">\n                <span class=\"rgg-caption-container\"><span class=\"rgg-caption\"><span class=\"rgg-inner-caption\">2019 - Coexhistence Md Enamul Kabir<\/span><\/span><\/span>            <\/a>\n                    <a href=\"https:\/\/www.urbanphotoawards.com\/wp-content\/uploads\/2024\/06\/06-Run-like-hell-Antonio-Tartaglia.jpg\" data-rel=\"rgglightbox-gallery-1\" rel=\"rgg\"  class=\"rgg-disabled size-full rgg-img rl-gallery-link\"  data-src=\"https:\/\/www.urbanphotoawards.com\/wp-content\/uploads\/2024\/06\/06-Run-like-hell-Antonio-Tartaglia.jpg\" data-ratio=\"1.5006821282401\" data-height=\"733\" data-width=\"1100\" aria-label=\"06-Run like hell Antonio Tartaglia\" title=\"\" data-rl_title=\"\" data-rl_caption=\"\">\n                <span class=\"rgg-caption-container\"><span class=\"rgg-caption\"><span class=\"rgg-inner-caption\">2018 - Run like hell Antonio Tartaglia<\/span><\/span><\/span>            <\/a>\n            <\/div>\n<\/div>\n<p style=\"text-align: justify;\"><div class=\"su-spacer\" style=\"height:30px\"><\/div>\n<div style=\"text-align: justify;\">\n<div>\n<div>\n<hr \/>\n<\/div>\n<\/div>\n<\/div>\n<p style=\"text-align: justify;\"><div class=\"su-row\"><div class=\"su-column su-column-size-1-2\"><div class=\"su-column-inner su-u-clearfix su-u-trim\">\n<p style=\"text-align: justify;\"><strong><a href=\"https:\/\/www.urbanphotoawards.com\/it\/rules-2024\/\" class=\"su-button su-button-style-flat su-button-wide\" style=\"color:#FFFFFF;background-color:#ff8207;border-color:#cc6806;border-radius:10px;-moz-border-radius:10px;-webkit-border-radius:10px\" target=\"_self\"><span style=\"color:#FFFFFF;padding:8px 26px;font-size:20px;line-height:30px;border-color:#ffa852;border-radius:10px;-moz-border-radius:10px;-webkit-border-radius:10px;text-shadow:0px 0px 0px #d81d00;-moz-text-shadow:0px 0px 0px #d81d00;-webkit-text-shadow:0px 0px 0px #d81d00\"><i class=\"sui sui-file-o\" style=\"font-size:20px;color:#FFFFFF\"><\/i> REGOLAMENTO<\/span><\/a><\/strong><\/p>\n<p style=\"text-align: justify;\"><\/div><\/div><div class=\"su-column su-column-size-1-2\"><div class=\"su-column-inner su-u-clearfix su-u-trim\">\n<p style=\"text-align: justify;\"><strong><a href=\"https:\/\/my.dotlogic.net\" class=\"su-button su-button-style-flat su-button-wide\" style=\"color:#FFFFFF;background-color:#ff8207;border-color:#cc6806;border-radius:10px;-moz-border-radius:10px;-webkit-border-radius:10px\" target=\"_blank\" rel=\"noopener noreferrer\"><span style=\"color:#FFFFFF;padding:8px 26px;font-size:20px;line-height:30px;border-color:#ffa852;border-radius:10px;-moz-border-radius:10px;-webkit-border-radius:10px;text-shadow:0px 0px 0px #d81d00;-moz-text-shadow:0px 0px 0px #d81d00;-webkit-text-shadow:0px 0px 0px #d81d00\"><i class=\"sui sui-external-link\" style=\"font-size:20px;color:#FFFFFF\"><\/i> ISCRIVITI<\/span><\/a><\/strong><\/p>\n<p style=\"text-align: justify;\"><\/div><\/div><\/div>\n<h3 style=\"text-align: justify;\"><\/h3>\n<p style=\"text-align: justify;\">","protected":false},"excerpt":{"rendered":"<p>Quest&#8217;anno, URBAN Photo Awards ha l&#8217;onore di avere il fotografo Magnum Harry Gruyaert come presidente della giuria. Gruyaert, insieme a una giuria di stimati professionisti del settore, tra cui Adam Pretty e Paul Gadd, selezioner\u00e0 meticolosamente i vincitori tra le migliaia di immagini presentate. URBAN [&hellip;]<\/p>\n","protected":false},"author":1,"featured_media":32108,"comment_status":"closed","ping_status":"open","sticky":false,"template":"","format":"standard","meta":[],"categories":[530,126,6],"tags":[],"acf":[],"_links":{"self":[{"href":"https:\/\/www.urbanphotoawards.com\/it\/wp-json\/wp\/v2\/posts\/32051"}],"collection":[{"href":"https:\/\/www.urbanphotoawards.com\/it\/wp-json\/wp\/v2\/posts"}],"about":[{"href":"https:\/\/www.urbanphotoawards.com\/it\/wp-json\/wp\/v2\/types\/post"}],"author":[{"embeddable":true,"href":"https:\/\/www.urbanphotoawards.com\/it\/wp-json\/wp\/v2\/users\/1"}],"replies":[{"embeddable":true,"href":"https:\/\/www.urbanphotoawards.com\/it\/wp-json\/wp\/v2\/comments?post=32051"}],"version-history":[{"count":39,"href":"https:\/\/www.urbanphotoawards.com\/it\/wp-json\/wp\/v2\/posts\/32051\/revisions"}],"predecessor-version":[{"id":32251,"href":"https:\/\/www.urbanphotoawards.com\/it\/wp-json\/wp\/v2\/posts\/32051\/revisions\/32251"}],"wp:featuredmedia":[{"embeddable":true,"href":"https:\/\/www.urbanphotoawards.com\/it\/wp-json\/wp\/v2\/media\/32108"}],"wp:attachment":[{"href":"https:\/\/www.urbanphotoawards.com\/it\/wp-json\/wp\/v2\/media?parent=32051"}],"wp:term":[{"taxonomy":"category","embeddable":true,"href":"https:\/\/www.urbanphotoawards.com\/it\/wp-json\/wp\/v2\/categories?post=32051"},{"taxonomy":"post_tag","embeddable":true,"href":"https:\/\/www.urbanphotoawards.com\/it\/wp-json\/wp\/v2\/tags?post=32051"}],"curies":[{"name":"wp","href":"https:\/\/api.w.org\/{rel}","templated":true}]}}