{"id":29157,"date":"2023-09-07T10:20:13","date_gmt":"2023-09-07T08:20:13","guid":{"rendered":"https:\/\/www.urbanphotoawards.com\/?p=29157"},"modified":"2025-09-25T16:07:23","modified_gmt":"2025-09-25T14:07:23","slug":"krzysztof-bednarskis-parisian-night-stories-project-wins-the-first-edition-of-the-urban-press-award","status":"publish","type":"post","link":"https:\/\/www.urbanphotoawards.com\/it\/krzysztof-bednarskis-parisian-night-stories-project-wins-the-first-edition-of-the-urban-press-award\/","title":{"rendered":"Il progetto &#8220;Parisian Night Stories&#8221; di Krzysztof Bednarski vince la prima edizione dell&#8217;URBAN Press Award"},"content":{"rendered":"<p style=\"text-align: justify;\">\n<p style=\"text-align: justify;\">URBAN Photo Awards annuncia il vincitore della prima edizione dell<strong>&#8216;URBAN Press Award<\/strong>. <strong>Krzysztof Bednarski<\/strong> ha conquistato la giuria con il suo progetto <em><strong>Parisian Night Stories<\/strong><\/em>. L&#8217;autore polacco sar\u00e0 pubblicato dalla migliore stampa specializzata nel campo della fotografia e premiato con numerosi altri premi (elenco in basso).<\/p>\n<h3 style=\"text-align: justify;\"><strong><br \/>\nIl progetto vincitore<\/strong><\/h3>\n<p style=\"text-align: justify;\">Ecco le parole dell&#8217;autore sul suo lavoro:<\/p>\n<p style=\"text-align: justify;\"><em>&#8220;Parisian Night Stories&#8221; \u00e8 un viaggio visivo nel cuore pulsante di Parigi dopo il tramonto. I momenti pi\u00f9 candidi incapsulano l&#8217;essenza della Parigi notturna, una vibrante pentola di energia. Vagabondi notturni, sognatori e avventurieri, tutti intrecciati dal ricco patrimonio culturale e artistico della citt\u00e0. <\/em><em>Dai vivaci caff\u00e8 di Montmartre ai jazz club di Saint-Germain, la vita notturna parigina ha avuto un ruolo influente nel plasmare i movimenti artistici. Dalle risate al romanticismo, la serie cerca di catturare lo spirito della pulsante vita notturna parigina.<\/em><\/p>\n<p style=\"text-align: justify;\"><em>Parigi, 2022 (*non \u00e8 stata utilizzata l&#8217;IA)&#8221;.<\/em><\/p>\n<h3 style=\"text-align: justify;\"><strong><br \/>\nBiografia autore<\/strong><\/h3>\n<p style=\"text-align: justify;\"><a href=\"https:\/\/bednarski.art\/\" target=\"_blank\" rel=\"nofollow\"><strong>Krzysztof Bednarski<\/strong> <\/a>\u00e8 un narratore visuale con un background in branding e motion design. \u00c8 un documentarista polacco autodidatta, dedicatosi completamente alla fotografia solamente a met\u00e0 degli anni 2010. Affascinato dalle ambientazioni urbane, costruisce il suo lavoro attorno a un&#8217;estetica minimale. Le sue composizioni, accuratamente costruite, sono un&#8217;indagine visiva sul rapporto delle persone con l&#8217;ambiente circostante.<\/p>\n<div class=\"rgg-container\" data-rgg-id=\"2\">    <div class=\"rgg-imagegrid captions-overlay-hover-show captions-effect-slide_up \" data-rgg-id=\"2\">\n                    <a href=\"https:\/\/www.urbanphotoawards.com\/wp-content\/uploads\/2023\/09\/001_Krzysztof-Bednarski-Parisian-Night-Stories.jpg\" data-rel=\"rgglightbox-gallery-1\" rel=\"rgg\"  class=\"rgg-disabled size-large rgg-img rl-gallery-link\"  data-src=\"https:\/\/www.urbanphotoawards.com\/wp-content\/uploads\/2023\/09\/001_Krzysztof-Bednarski-Parisian-Night-Stories.jpg\" data-ratio=\"0.767\" data-height=\"1000\" data-width=\"767\" aria-label=\"Krzysztof Bednarski - Parisian Night Stories\" title=\"\" data-rl_title=\"\" data-rl_caption=\"\">\n                            <\/a>\n                    <a href=\"https:\/\/www.urbanphotoawards.com\/wp-content\/uploads\/2023\/09\/002-148506-krzysztof-bednarski-parisian-night-stories-02.jpg\" data-rel=\"rgglightbox-gallery-1\" rel=\"rgg\"  class=\"rgg-disabled size-large rgg-img rl-gallery-link\"  data-src=\"https:\/\/www.urbanphotoawards.com\/wp-content\/uploads\/2023\/09\/002-148506-krzysztof-bednarski-parisian-night-stories-02.jpg\" data-ratio=\"0.866\" data-height=\"1000\" data-width=\"866\" aria-label=\"Krzysztof Bednarski - Parisian Night Stories\" title=\"\" data-rl_title=\"\" data-rl_caption=\"\">\n                            <\/a>\n                    <a href=\"https:\/\/www.urbanphotoawards.com\/wp-content\/uploads\/2023\/09\/003-148507-krzysztof-bednarski-parisian-night-stories-03-1.jpg\" data-rel=\"rgglightbox-gallery-1\" rel=\"rgg\"  class=\"rgg-disabled size-large rgg-img rl-gallery-link\"  data-src=\"https:\/\/www.urbanphotoawards.com\/wp-content\/uploads\/2023\/09\/003-148507-krzysztof-bednarski-parisian-night-stories-03-1-1024x808.jpg\" data-ratio=\"1.2673267326733\" data-height=\"808\" data-width=\"1024\" aria-label=\"Krzysztof Bednarski - Parisian Night Stories\" title=\"\" data-rl_title=\"\" data-rl_caption=\"\">\n                            <\/a>\n                    <a href=\"https:\/\/www.urbanphotoawards.com\/wp-content\/uploads\/2023\/09\/004-148508-krzysztof-bednarski-parisian-night-stories-04.jpg\" data-rel=\"rgglightbox-gallery-1\" rel=\"rgg\"  class=\"rgg-disabled size-large rgg-img rl-gallery-link\"  data-src=\"https:\/\/www.urbanphotoawards.com\/wp-content\/uploads\/2023\/09\/004-148508-krzysztof-bednarski-parisian-night-stories-04-1024x729.jpg\" data-ratio=\"1.4046639231824\" data-height=\"729\" data-width=\"1024\" aria-label=\"Krzysztof Bednarski - Parisian Night Stories\" title=\"\" data-rl_title=\"\" data-rl_caption=\"\">\n                            <\/a>\n                    <a href=\"https:\/\/www.urbanphotoawards.com\/wp-content\/uploads\/2023\/09\/005-148510-krzysztof-bednarski-parisian-night-stories-05-1.jpg\" data-rel=\"rgglightbox-gallery-1\" rel=\"rgg\"  class=\"rgg-disabled size-large rgg-img rl-gallery-link\"  data-src=\"https:\/\/www.urbanphotoawards.com\/wp-content\/uploads\/2023\/09\/005-148510-krzysztof-bednarski-parisian-night-stories-05-1-1024x681.jpg\" data-ratio=\"1.503671071953\" data-height=\"681\" data-width=\"1024\" aria-label=\"Krzysztof Bednarski - Parisian Night Stories\" title=\"\" data-rl_title=\"\" data-rl_caption=\"\">\n                            <\/a>\n                    <a href=\"https:\/\/www.urbanphotoawards.com\/wp-content\/uploads\/2023\/09\/006-148511-krzysztof-bednarski-parisian-night-stories-06-1.jpg\" data-rel=\"rgglightbox-gallery-1\" rel=\"rgg\"  class=\"rgg-disabled size-large rgg-img rl-gallery-link\"  data-src=\"https:\/\/www.urbanphotoawards.com\/wp-content\/uploads\/2023\/09\/006-148511-krzysztof-bednarski-parisian-night-stories-06-1.jpg\" data-ratio=\"0.925\" data-height=\"1000\" data-width=\"925\" aria-label=\"Krzysztof Bednarski - Parisian Night Stories\" title=\"\" data-rl_title=\"\" data-rl_caption=\"\">\n                            <\/a>\n                    <a href=\"https:\/\/www.urbanphotoawards.com\/wp-content\/uploads\/2023\/09\/007-148513-krzysztof-bednarski-parisian-night-stories-07.jpg\" data-rel=\"rgglightbox-gallery-1\" rel=\"rgg\"  class=\"rgg-disabled size-large rgg-img rl-gallery-link\"  data-src=\"https:\/\/www.urbanphotoawards.com\/wp-content\/uploads\/2023\/09\/007-148513-krzysztof-bednarski-parisian-night-stories-07.jpg\" data-ratio=\"0.843\" data-height=\"1000\" data-width=\"843\" aria-label=\"Krzysztof Bednarski - Parisian Night Stories\" title=\"\" data-rl_title=\"\" data-rl_caption=\"\">\n                            <\/a>\n                    <a href=\"https:\/\/www.urbanphotoawards.com\/wp-content\/uploads\/2023\/09\/008-148509-krzysztof-bednarski-parisian-night-stories-08-1.jpg\" data-rel=\"rgglightbox-gallery-1\" rel=\"rgg\"  class=\"rgg-disabled size-large rgg-img rl-gallery-link\"  data-src=\"https:\/\/www.urbanphotoawards.com\/wp-content\/uploads\/2023\/09\/008-148509-krzysztof-bednarski-parisian-night-stories-08-1-1024x685.jpg\" data-ratio=\"1.4948905109489\" data-height=\"685\" data-width=\"1024\" aria-label=\"Krzysztof Bednarski - Parisian Night Stories\" title=\"\" data-rl_title=\"\" data-rl_caption=\"\">\n                            <\/a>\n                    <a href=\"https:\/\/www.urbanphotoawards.com\/wp-content\/uploads\/2023\/09\/009-148512-krzysztof-bednarski-parisian-night-stories-09-1.jpg\" data-rel=\"rgglightbox-gallery-1\" rel=\"rgg\"  class=\"rgg-disabled size-large rgg-img rl-gallery-link\"  data-src=\"https:\/\/www.urbanphotoawards.com\/wp-content\/uploads\/2023\/09\/009-148512-krzysztof-bednarski-parisian-night-stories-09-1.jpg\" data-ratio=\"0.858\" data-height=\"1000\" data-width=\"858\" aria-label=\"Krzysztof Bednarski - Parisian Night Stories\" title=\"\" data-rl_title=\"\" data-rl_caption=\"\">\n                            <\/a>\n                    <a href=\"https:\/\/www.urbanphotoawards.com\/wp-content\/uploads\/2023\/09\/010-148514-krzysztof-bednarski-parisian-night-stories-10.jpg\" data-rel=\"rgglightbox-gallery-1\" rel=\"rgg\"  class=\"rgg-disabled size-large rgg-img rl-gallery-link\"  data-src=\"https:\/\/www.urbanphotoawards.com\/wp-content\/uploads\/2023\/09\/010-148514-krzysztof-bednarski-parisian-night-stories-10.jpg\" data-ratio=\"0.787\" data-height=\"1000\" data-width=\"787\" aria-label=\"Krzysztof Bednarski - Parisian Night Stories\" title=\"\" data-rl_title=\"\" data-rl_caption=\"\">\n                            <\/a>\n                    <a href=\"https:\/\/www.urbanphotoawards.com\/wp-content\/uploads\/2023\/09\/011-148515-krzysztof-bednarski-parisian-night-stories-11-1.jpg\" data-rel=\"rgglightbox-gallery-1\" rel=\"rgg\"  class=\"rgg-disabled size-large rgg-img rl-gallery-link\"  data-src=\"https:\/\/www.urbanphotoawards.com\/wp-content\/uploads\/2023\/09\/011-148515-krzysztof-bednarski-parisian-night-stories-11-1.jpg\" data-ratio=\"0.87\" data-height=\"1000\" data-width=\"870\" aria-label=\"Krzysztof Bednarski - Parisian Night Stories\" title=\"\" data-rl_title=\"\" data-rl_caption=\"\">\n                            <\/a>\n            <\/div>\n<\/div>\n<p style=\"text-align: justify;\">Un ringraziamento speciale va alla <strong>giuria dell&#8217; URBAN Press Award 2023<\/strong>:<\/p>\n<p style=\"text-align: justify;\"><strong>Christ\u00e8le Harrouk<\/strong>\u00a0\u2013\u00a0Architetto \u2013 Urban Designer \u2013 Managing Editor di\u00a0<a href=\"https:\/\/www.archdaily.com\/\" target=\"_blank\" rel=\"nofollow noopener\" data-cke-saved-href=\"https:\/\/www.archdaily.com\/\"><strong>ArchDaily<\/strong><\/a>\u00a0(LB)<br \/>\n<strong>Federica Berzioli<\/strong>\u00a0\u2013\u00a0Coordinatrice editoriale de\u00a0<strong><a href=\"https:\/\/ilfotografo.it\/\" target=\"_blank\" rel=\"nofollow noopener\" data-cke-saved-href=\"https:\/\/ilfotografo.it\/\">IL FOTOGRAFO<\/a><\/strong>\u00a0(IT)<br \/>\n<strong>Michael Nguyen<\/strong>\u00a0\u2013\u00a0Caporedattore della rivista online di fotografia e arte\u00a0<a href=\"https:\/\/tagree.de\/\" target=\"_blank\" rel=\"nofollow noopener\" data-cke-saved-href=\"https:\/\/tagree.de\/\"><strong>Tagree<\/strong><\/a>\u00a0(DE)<br \/>\n<strong>Pedro Anza<\/strong>\u00a0\u2013 Redattore di\u00a0<strong><a href=\"https:\/\/www.cuartoscuro.com\/\" target=\"_blank\" rel=\"nofollow noopener\" data-cke-saved-href=\"https:\/\/www.cuartoscuro.com\/\">Cuartoscuro<\/a><\/strong>\u00a0(MX)<br \/>\n<strong>Philippe Litzler<\/strong>\u00a0\u2013\u00a0Caporedattore di\u00a0<a href=\"https:\/\/openeyelemagazine.fr\/\" target=\"_blank\" rel=\"nofollow noopener\" data-cke-saved-href=\"https:\/\/openeyelemagazine.fr\/\"><strong>OPENEYE<\/strong><\/a>\u00a0(FR)<\/p>\n<hr \/>\n<h3 style=\"text-align: justify;\"><strong>Elenco montepremi<\/strong><\/h3>\n<p style=\"text-align: justify;\">\u2013 Voucher\u00a0<strong>Amazon <\/strong>di 500 \u20ac<br \/>\n\u2013 Stampante<strong>\u00a0Fujifilm INSTAX Link Wide<\/strong>.<br \/>\n\u2013 1 tracolla Stroppa<br \/>\n\u2013 Ospite d\u2019onore a\u00a0<a href=\"https:\/\/www.triestephotodays.com\/\" target=\"_blank\" rel=\"nofollow noopener\"><strong>Trieste Photo Days 2023<\/strong><\/a>\u00a0con soggiorno<br \/>\ndi 2 notti per 2 persone per la premiazione<br \/>\n\u2013 Ospite alla\u00a0<strong>Cena di Gala<\/strong> di URBAN 2023<br \/>\n\u2013 Pubblicazione sia online che su <strong>volume fotografico<\/strong><br \/>\n\u2013 Pubblicazione su<strong> riviste specializzate di fotografia<\/strong><br \/>\n\u2013 <strong>Trofeo + Medaglia<\/strong><\/p>\n<p style=\"text-align: justify;\">","protected":false},"excerpt":{"rendered":"<p>URBAN Photo Awards annuncia il vincitore della prima edizione dell&#8216;URBAN Press Award. Krzysztof Bednarski ha conquistato la giuria con il suo progetto Parisian Night Stories. L&#8217;autore polacco sar\u00e0 pubblicato dalla migliore stampa specializzata nel campo della fotografia e premiato con numerosi altri premi (elenco in [&hellip;]<\/p>\n","protected":false},"author":1,"featured_media":29168,"comment_status":"closed","ping_status":"open","sticky":false,"template":"","format":"standard","meta":[],"categories":[530,6],"tags":[],"acf":[],"_links":{"self":[{"href":"https:\/\/www.urbanphotoawards.com\/it\/wp-json\/wp\/v2\/posts\/29157"}],"collection":[{"href":"https:\/\/www.urbanphotoawards.com\/it\/wp-json\/wp\/v2\/posts"}],"about":[{"href":"https:\/\/www.urbanphotoawards.com\/it\/wp-json\/wp\/v2\/types\/post"}],"author":[{"embeddable":true,"href":"https:\/\/www.urbanphotoawards.com\/it\/wp-json\/wp\/v2\/users\/1"}],"replies":[{"embeddable":true,"href":"https:\/\/www.urbanphotoawards.com\/it\/wp-json\/wp\/v2\/comments?post=29157"}],"version-history":[{"count":29,"href":"https:\/\/www.urbanphotoawards.com\/it\/wp-json\/wp\/v2\/posts\/29157\/revisions"}],"predecessor-version":[{"id":39782,"href":"https:\/\/www.urbanphotoawards.com\/it\/wp-json\/wp\/v2\/posts\/29157\/revisions\/39782"}],"wp:featuredmedia":[{"embeddable":true,"href":"https:\/\/www.urbanphotoawards.com\/it\/wp-json\/wp\/v2\/media\/29168"}],"wp:attachment":[{"href":"https:\/\/www.urbanphotoawards.com\/it\/wp-json\/wp\/v2\/media?parent=29157"}],"wp:term":[{"taxonomy":"category","embeddable":true,"href":"https:\/\/www.urbanphotoawards.com\/it\/wp-json\/wp\/v2\/categories?post=29157"},{"taxonomy":"post_tag","embeddable":true,"href":"https:\/\/www.urbanphotoawards.com\/it\/wp-json\/wp\/v2\/tags?post=29157"}],"curies":[{"name":"wp","href":"https:\/\/api.w.org\/{rel}","templated":true}]}}