{"id":27817,"date":"2022-03-01T15:13:28","date_gmt":"2022-03-01T14:13:28","guid":{"rendered":"https:\/\/www.urbanphotoawards.com\/?p=27817"},"modified":"2026-03-03T11:40:47","modified_gmt":"2026-03-03T10:40:47","slug":"christele-harrouk","status":"publish","type":"post","link":"https:\/\/www.urbanphotoawards.com\/it\/christele-harrouk\/","title":{"rendered":"Christele Harrouk"},"content":{"rendered":"<p>Architetto &#8211; Urban Designer &#8211; Managing Editor di <strong><a href=\"https:\/\/www.archdaily.com\/\" target=\"_blank\" rel=\"nofollow\">ArchDaily<\/a><\/strong><\/p>\n<div class=\"rgg-container\" data-rgg-id=\"3\">    <div class=\"rgg-imagegrid captions-overlay-hover-show captions-effect-slide_up \" data-rgg-id=\"3\">\n                    <a href=\"https:\/\/www.urbanphotoawards.com\/wp-content\/uploads\/2023\/03\/laboratorio-tecnologia-y-ambiente-mencoriari-asociacion-semillas-para-el-desarrollo-sostenible_1.jpg\" data-rel=\"rgglightbox-gallery-2\" rel=\"rgg\"  class=\"rgg-disabled size-medium rgg-img rl-gallery-link\"  data-src=\"https:\/\/www.urbanphotoawards.com\/wp-content\/uploads\/2023\/03\/laboratorio-tecnologia-y-ambiente-mencoriari-asociacion-semillas-para-el-desarrollo-sostenible_1-300x200.jpg\" data-ratio=\"1.5\" data-height=\"200\" data-width=\"300\" aria-label=\"\" title=\"\" data-rl_title=\"\" data-rl_caption=\"\">\n                <span class=\"rgg-caption-container\"><span class=\"rgg-caption\"><span class=\"rgg-inner-caption\">archdaily<\/span><\/span><\/span>            <\/a>\n                    <a href=\"https:\/\/www.urbanphotoawards.com\/wp-content\/uploads\/2023\/03\/laboratorio-tecnologia-y-ambiente-mencoriari-asociacion-semillas-para-el-desarrollo-sostenible_2.jpg\" data-rel=\"rgglightbox-gallery-2\" rel=\"rgg\"  class=\"rgg-disabled size-medium rgg-img rl-gallery-link\"  data-src=\"https:\/\/www.urbanphotoawards.com\/wp-content\/uploads\/2023\/03\/laboratorio-tecnologia-y-ambiente-mencoriari-asociacion-semillas-para-el-desarrollo-sostenible_2-300x225.jpg\" data-ratio=\"1.3333333333333\" data-height=\"225\" data-width=\"300\" aria-label=\"\" title=\"\" data-rl_title=\"\" data-rl_caption=\"\">\n                <span class=\"rgg-caption-container\"><span class=\"rgg-caption\"><span class=\"rgg-inner-caption\">archdaily<\/span><\/span><\/span>            <\/a>\n                    <a href=\"https:\/\/www.urbanphotoawards.com\/wp-content\/uploads\/2023\/03\/laboratorio-tecnologia-y-ambiente-mencoriari-asociacion-semillas-para-el-desarrollo-sostenible_3.jpg\" data-rel=\"rgglightbox-gallery-2\" rel=\"rgg\"  class=\"rgg-disabled size-medium rgg-img rl-gallery-link\"  data-src=\"https:\/\/www.urbanphotoawards.com\/wp-content\/uploads\/2023\/03\/laboratorio-tecnologia-y-ambiente-mencoriari-asociacion-semillas-para-el-desarrollo-sostenible_3-300x200.jpg\" data-ratio=\"1.5\" data-height=\"200\" data-width=\"300\" aria-label=\"\" title=\"\" data-rl_title=\"\" data-rl_caption=\"\">\n                <span class=\"rgg-caption-container\"><span class=\"rgg-caption\"><span class=\"rgg-inner-caption\">archdaily<\/span><\/span><\/span>            <\/a>\n                    <a href=\"https:\/\/www.urbanphotoawards.com\/wp-content\/uploads\/2023\/03\/laboratorio-tecnologia-y-ambiente-mencoriari-asociacion-semillas-para-el-desarrollo-sostenible_4.jpg\" data-rel=\"rgglightbox-gallery-2\" rel=\"rgg\"  class=\"rgg-disabled size-medium rgg-img rl-gallery-link\"  data-src=\"https:\/\/www.urbanphotoawards.com\/wp-content\/uploads\/2023\/03\/laboratorio-tecnologia-y-ambiente-mencoriari-asociacion-semillas-para-el-desarrollo-sostenible_4-300x200.jpg\" data-ratio=\"1.5\" data-height=\"200\" data-width=\"300\" aria-label=\"\" title=\"\" data-rl_title=\"\" data-rl_caption=\"\">\n                <span class=\"rgg-caption-container\"><span class=\"rgg-caption\"><span class=\"rgg-inner-caption\">archdaily<\/span><\/span><\/span>            <\/a>\n            <\/div>\n<\/div>\n<p><strong>Christele<\/strong> \u00e8 un <strong>architetto<\/strong> e <strong>urbanista<\/strong> <strong>franco-libanese<\/strong> con sede a <strong>Beirut<\/strong>, in <strong>Libano<\/strong>. \u00c8 anche <strong>redattore capo<\/strong> di <strong>Archdaily<\/strong>. Nel suo studio di progettazione, si concentra sulla creazione di soluzioni creative utilizzando il design e il pensiero critico come base per il suo approccio. Ad Archdaily si occupa delle ultime tendenze del mondo creativo e architettonico e si concentra sulle sfide delle citt\u00e0 e dell&#8217;ambiente costruito. Sottolinea inoltre il ruolo delle donne in questo settore, nella speranza di dare alle future generazioni di architetti la possibilit\u00e0 di raggiungere il loro pieno potenziale.<\/p>\n<div class=\"rgg-container\" data-rgg-id=\"4\">    <div class=\"rgg-imagegrid captions-overlay-hover-show captions-effect-slide_up \" data-rgg-id=\"4\">\n                    <a href=\"https:\/\/www.urbanphotoawards.com\/wp-content\/uploads\/2023\/03\/laboratorio-tecnologia-y-ambiente-mencoriari-asociacion-semillas-para-el-desarrollo-sostenible_6.jpg\" data-rel=\"rgglightbox-gallery-3\" rel=\"rgg\"  class=\"rgg-disabled size-medium rgg-img rl-gallery-link\"  data-src=\"https:\/\/www.urbanphotoawards.com\/wp-content\/uploads\/2023\/03\/laboratorio-tecnologia-y-ambiente-mencoriari-asociacion-semillas-para-el-desarrollo-sostenible_6-240x300.jpg\" data-ratio=\"0.8\" data-height=\"300\" data-width=\"240\" aria-label=\"\" title=\"\" data-rl_title=\"\" data-rl_caption=\"\">\n                <span class=\"rgg-caption-container\"><span class=\"rgg-caption\"><span class=\"rgg-inner-caption\">archdaily<\/span><\/span><\/span>            <\/a>\n                    <a href=\"https:\/\/www.urbanphotoawards.com\/wp-content\/uploads\/2023\/03\/laboratorio-tecnologia-y-ambiente-mencoriari-asociacion-semillas-para-el-desarrollo-sostenible_7.jpg\" data-rel=\"rgglightbox-gallery-3\" rel=\"rgg\"  class=\"rgg-disabled size-medium rgg-img rl-gallery-link\"  data-src=\"https:\/\/www.urbanphotoawards.com\/wp-content\/uploads\/2023\/03\/laboratorio-tecnologia-y-ambiente-mencoriari-asociacion-semillas-para-el-desarrollo-sostenible_7-300x240.jpg\" data-ratio=\"1.25\" data-height=\"240\" data-width=\"300\" aria-label=\"\" title=\"\" data-rl_title=\"\" data-rl_caption=\"\">\n                <span class=\"rgg-caption-container\"><span class=\"rgg-caption\"><span class=\"rgg-inner-caption\">archdaily<\/span><\/span><\/span>            <\/a>\n                    <a href=\"https:\/\/www.urbanphotoawards.com\/wp-content\/uploads\/2023\/03\/laboratorio-tecnologia-y-ambiente-mencoriari-asociacion-semillas-para-el-desarrollo-sostenible_10.jpg\" data-rel=\"rgglightbox-gallery-3\" rel=\"rgg\"  class=\"rgg-disabled size-medium rgg-img rl-gallery-link\"  data-src=\"https:\/\/www.urbanphotoawards.com\/wp-content\/uploads\/2023\/03\/laboratorio-tecnologia-y-ambiente-mencoriari-asociacion-semillas-para-el-desarrollo-sostenible_10-225x300.jpg\" data-ratio=\"0.75\" data-height=\"300\" data-width=\"225\" aria-label=\"\" title=\"\" data-rl_title=\"\" data-rl_caption=\"\">\n                <span class=\"rgg-caption-container\"><span class=\"rgg-caption\"><span class=\"rgg-inner-caption\">archdaily<\/span><\/span><\/span>            <\/a>\n                    <a href=\"https:\/\/www.urbanphotoawards.com\/wp-content\/uploads\/2023\/03\/laboratorio-tecnologia-y-ambiente-mencoriari-asociacion-semillas-para-el-desarrollo-sostenible_11.jpg\" data-rel=\"rgglightbox-gallery-3\" rel=\"rgg\"  class=\"rgg-disabled size-medium rgg-img rl-gallery-link\"  data-src=\"https:\/\/www.urbanphotoawards.com\/wp-content\/uploads\/2023\/03\/laboratorio-tecnologia-y-ambiente-mencoriari-asociacion-semillas-para-el-desarrollo-sostenible_11-300x200.jpg\" data-ratio=\"1.5\" data-height=\"200\" data-width=\"300\" aria-label=\"\" title=\"\" data-rl_title=\"\" data-rl_caption=\"\">\n                <span class=\"rgg-caption-container\"><span class=\"rgg-caption\"><span class=\"rgg-inner-caption\">archdaily<\/span><\/span><\/span>            <\/a>\n            <\/div>\n<\/div>\n<p>ArchDaily \u00e8 il sito web di architettura pi\u00f9 visitato al mondo. La piattaforma fornisce strumenti, ispirazione e conoscenze per contribuire a creare citt\u00e0 migliori.<\/p>\n<p><strong><a href=\"https:\/\/www.archdaily.com\/\" target=\"_blank\" rel=\"nofollow\">https:\/\/www.archdaily.com\/<\/a><\/strong><\/p>","protected":false},"excerpt":{"rendered":"<p>Architetto &#8211; Urban Designer &#8211; Managing Editor di ArchDaily Christele \u00e8 un architetto e urbanista franco-libanese con sede a Beirut, in Libano. \u00c8 anche redattore capo di Archdaily. Nel suo studio di progettazione, si concentra sulla creazione di soluzioni creative utilizzando il design e il [&hellip;]<\/p>\n","protected":false},"author":1,"featured_media":27818,"comment_status":"closed","ping_status":"open","sticky":false,"template":"","format":"standard","meta":[],"categories":[126,576],"tags":[],"acf":[],"_links":{"self":[{"href":"https:\/\/www.urbanphotoawards.com\/it\/wp-json\/wp\/v2\/posts\/27817"}],"collection":[{"href":"https:\/\/www.urbanphotoawards.com\/it\/wp-json\/wp\/v2\/posts"}],"about":[{"href":"https:\/\/www.urbanphotoawards.com\/it\/wp-json\/wp\/v2\/types\/post"}],"author":[{"embeddable":true,"href":"https:\/\/www.urbanphotoawards.com\/it\/wp-json\/wp\/v2\/users\/1"}],"replies":[{"embeddable":true,"href":"https:\/\/www.urbanphotoawards.com\/it\/wp-json\/wp\/v2\/comments?post=27817"}],"version-history":[{"count":7,"href":"https:\/\/www.urbanphotoawards.com\/it\/wp-json\/wp\/v2\/posts\/27817\/revisions"}],"predecessor-version":[{"id":27834,"href":"https:\/\/www.urbanphotoawards.com\/it\/wp-json\/wp\/v2\/posts\/27817\/revisions\/27834"}],"wp:featuredmedia":[{"embeddable":true,"href":"https:\/\/www.urbanphotoawards.com\/it\/wp-json\/wp\/v2\/media\/27818"}],"wp:attachment":[{"href":"https:\/\/www.urbanphotoawards.com\/it\/wp-json\/wp\/v2\/media?parent=27817"}],"wp:term":[{"taxonomy":"category","embeddable":true,"href":"https:\/\/www.urbanphotoawards.com\/it\/wp-json\/wp\/v2\/categories?post=27817"},{"taxonomy":"post_tag","embeddable":true,"href":"https:\/\/www.urbanphotoawards.com\/it\/wp-json\/wp\/v2\/tags?post=27817"}],"curies":[{"name":"wp","href":"https:\/\/api.w.org\/{rel}","templated":true}]}}