{"id":27356,"date":"2023-02-17T15:05:25","date_gmt":"2023-02-17T14:05:25","guid":{"rendered":"https:\/\/www.urbanphotoawards.com\/?p=27356"},"modified":"2023-05-10T15:05:19","modified_gmt":"2023-05-10T13:05:19","slug":"alec-soth-as-president-of-jury-for-urban-2023","status":"publish","type":"post","link":"https:\/\/www.urbanphotoawards.com\/it\/alec-soth-as-president-of-jury-for-urban-2023\/","title":{"rendered":"Alec Soth come Presidente della Giuria per URBAN 2023"},"content":{"rendered":"<p><strong>URBAN Photo Awards<\/strong> \u00e8 un evento annuale di <strong>grande prestigio<\/strong> dedicato alla celebrazione della fotografia e dei fotografi. L&#8217;edizione del 2023 si preannuncia come <strong>la pi\u00f9 grande e migliore di sempre<\/strong> e avr\u00e0 come <strong>presidente della <a href=\"https:\/\/www.urbanphotoawards.com\/it\/jury-2023\/\">giuria<\/a><\/strong> il famoso fotografo <a href=\"https:\/\/www.magnumphotos.com\/photographer\/alec-soth\/\" target=\"_blank\" rel=\"nofollow\"><strong>Alec Soth<\/strong><\/a>.<\/p>\n<div class=\"rgg-container\" data-rgg-id=\"1\">    <div class=\"rgg-imagegrid captions-overlay-hover-show captions-effect-slide_up \" data-rgg-id=\"1\">\n                    <a href=\"https:\/\/www.urbanphotoawards.com\/wp-content\/uploads\/2023\/02\/2000_04zl0001.jpg\" data-rel=\"rgglightbox-gallery-0\" rel=\"rgg\"  class=\"rgg-disabled size-large rgg-img rl-gallery-link\"  data-src=\"https:\/\/www.urbanphotoawards.com\/wp-content\/uploads\/2023\/02\/2000_04zl0001-1024x819.jpg\" data-ratio=\"1.2503052503053\" data-height=\"819\" data-width=\"1024\" aria-label=\"\" title=\"\" data-rl_title=\"\" data-rl_caption=\"\">\n                <span class=\"rgg-caption-container\"><span class=\"rgg-caption\"><span class=\"rgg-inner-caption\">Adelyn, Ash Wednesday, New Orleans, Louisiana<\/span><\/span><\/span>            <\/a>\n            <\/div>\n<\/div>\n<p><strong>Alec Soth<\/strong> \u00e8 un fotografo americano, membro della prestigiosa agenzia fotografica <a href=\"https:\/\/www.magnumphotos.com\/\" target=\"_blank\" rel=\"nofollow\"><strong>Magnum Photos<\/strong><\/a>. \u00c8 noto per i suoi progetti su larga scala che ritraggono l&#8217;America rurale e urbana, spesso concentrandosi sugli angoli trascurati del Paese.<\/p>\n<div class=\"rgg-container\" data-rgg-id=\"2\">    <div class=\"rgg-imagegrid captions-overlay-hover-show captions-effect-slide_up \" data-rgg-id=\"2\">\n                    <a href=\"https:\/\/www.urbanphotoawards.com\/wp-content\/uploads\/2023\/02\/2002_03zL0046.jpg\" data-rel=\"rgglightbox-gallery-1\" rel=\"rgg\"  class=\"rgg-disabled size-medium rgg-img rl-gallery-link\"  data-src=\"https:\/\/www.urbanphotoawards.com\/wp-content\/uploads\/2023\/02\/2002_03zL0046-300x240.jpg\" data-ratio=\"1.25\" data-height=\"240\" data-width=\"300\" aria-label=\"\" title=\"\" data-rl_title=\"\" data-rl_caption=\"\">\n                <span class=\"rgg-caption-container\"><span class=\"rgg-caption\"><span class=\"rgg-inner-caption\">Peter's houseboat, Winona, Minnesota<\/span><\/span><\/span>            <\/a>\n                    <a href=\"https:\/\/www.urbanphotoawards.com\/wp-content\/uploads\/2023\/02\/2008_08zL0047.jpg\" data-rel=\"rgglightbox-gallery-1\" rel=\"rgg\"  class=\"rgg-disabled size-medium rgg-img rl-gallery-link\"  data-src=\"https:\/\/www.urbanphotoawards.com\/wp-content\/uploads\/2023\/02\/2008_08zL0047-300x240.jpg\" data-ratio=\"1.25\" data-height=\"240\" data-width=\"300\" aria-label=\"\" title=\"\" data-rl_title=\"\" data-rl_caption=\"\">\n                <span class=\"rgg-caption-container\"><span class=\"rgg-caption\"><span class=\"rgg-inner-caption\">2008_08zL0047<\/span><\/span><\/span>            <\/a>\n            <\/div>\n<\/div>\n<p>Soth ha prodotto diversi progetti ampiamente acclamati, dalla serie di immagini intitolata &#8220;<a href=\"https:\/\/alecsoth.com\/photography\/projects\/sleeping-by-the-mississippi\" target=\"_blank\" rel=\"nofollow\"><strong>Sleeping by the Mississippi<\/strong><\/a>&#8221; al suo lavoro sulle citt\u00e0 post-industriali in decadenza del Midwest. Per scattare le sue fotografie utilizza spesso una macchina fotografica vintage di grande formato e il suo lavoro \u00e8 stato ampiamente esposto in musei e gallerie di <strong>tutto il mondo<\/strong>.<\/p>\n<div class=\"rgg-container\" data-rgg-id=\"3\">    <div class=\"rgg-imagegrid captions-overlay-hover-show captions-effect-slide_up \" data-rgg-id=\"3\">\n                    <a href=\"https:\/\/www.urbanphotoawards.com\/wp-content\/uploads\/2023\/02\/2002_03zL0033.jpg\" data-rel=\"rgglightbox-gallery-2\" rel=\"rgg\"  class=\"rgg-disabled size-medium rgg-img rl-gallery-link\"  data-src=\"https:\/\/www.urbanphotoawards.com\/wp-content\/uploads\/2023\/02\/2002_03zL0033-240x300.jpg\" data-ratio=\"0.8\" data-height=\"300\" data-width=\"240\" aria-label=\"\" title=\"\" data-rl_title=\"\" data-rl_caption=\"\">\n                <span class=\"rgg-caption-container\"><span class=\"rgg-caption\"><span class=\"rgg-inner-caption\">Charles, Vasa, Minnesota<\/span><\/span><\/span>            <\/a>\n                    <a href=\"https:\/\/www.urbanphotoawards.com\/wp-content\/uploads\/2023\/02\/2005_05zL0090.jpg\" data-rel=\"rgglightbox-gallery-2\" rel=\"rgg\"  class=\"rgg-disabled size-medium rgg-img rl-gallery-link\"  data-src=\"https:\/\/www.urbanphotoawards.com\/wp-content\/uploads\/2023\/02\/2005_05zL0090-240x300.jpg\" data-ratio=\"0.8\" data-height=\"300\" data-width=\"240\" aria-label=\"\" title=\"\" data-rl_title=\"\" data-rl_caption=\"\">\n                <span class=\"rgg-caption-container\"><span class=\"rgg-caption\"><span class=\"rgg-inner-caption\">Melissa<\/span><\/span><\/span>            <\/a>\n                    <a href=\"https:\/\/www.urbanphotoawards.com\/wp-content\/uploads\/2023\/02\/2005_09zL0107.jpg\" data-rel=\"rgglightbox-gallery-2\" rel=\"rgg\"  class=\"rgg-disabled size-medium rgg-img rl-gallery-link\"  data-src=\"https:\/\/www.urbanphotoawards.com\/wp-content\/uploads\/2023\/02\/2005_09zL0107-239x300.jpg\" data-ratio=\"0.79666666666667\" data-height=\"300\" data-width=\"239\" aria-label=\"\" title=\"\" data-rl_title=\"\" data-rl_caption=\"\">\n                <span class=\"rgg-caption-container\"><span class=\"rgg-caption\"><span class=\"rgg-inner-caption\">Misty<\/span><\/span><\/span>            <\/a>\n                    <a href=\"https:\/\/www.urbanphotoawards.com\/wp-content\/uploads\/2023\/02\/2018_05zL0062.jpg\" data-rel=\"rgglightbox-gallery-2\" rel=\"rgg\"  class=\"rgg-disabled size-medium rgg-img rl-gallery-link\"  data-src=\"https:\/\/www.urbanphotoawards.com\/wp-content\/uploads\/2023\/02\/2018_05zL0062-300x240.jpg\" data-ratio=\"1.25\" data-height=\"240\" data-width=\"300\" aria-label=\"\" title=\"\" data-rl_title=\"\" data-rl_caption=\"\">\n                <span class=\"rgg-caption-container\"><span class=\"rgg-caption\"><span class=\"rgg-inner-caption\">Sonya and Dombrovsky. Odessa.<\/span><\/span><\/span>            <\/a>\n            <\/div>\n<\/div>\n<p>Le fotografie di Soth ritraggono spesso individui disconnessi dalla societ\u00e0, evidenziando la solitudine e l&#8217;isolamento della vita moderna. Soth esplora anche il tema del movimento fisico e psicologico, come si vede nel suo progetto &#8220;<a href=\"https:\/\/www.magnumphotos.com\/shop\/collections\/books\/gathered-leaves-annotated-2\/?gclid=Cj0KCQiA6LyfBhC3ARIsAG4gkF8vXjJx76G-MDJeML3zCyAkksDe2hxgiKZ51Upf1yqrE0ImiqnYGhEaAuOxEALw_wcB\" target=\"_blank\" rel=\"nofollow\"><strong>Gathered Leaves<\/strong><\/a>&#8220;, che segue la migrazione delle farfalle per migliaia di chilometri.<\/p>\n<p>Nonostante Soth si concentri sull&#8217;individuo, il suo lavoro mostra anche un <strong>forte senso del luogo<\/strong>. Spesso include riferimenti al paesaggio americano che sta scomparendo e le sue fotografie catturano la bellezza di <strong>luoghi trascurati<\/strong>.<\/p>\n<div class=\"rgg-container\" data-rgg-id=\"4\">    <div class=\"rgg-imagegrid captions-overlay-hover-show captions-effect-slide_up \" data-rgg-id=\"4\">\n                    <a href=\"https:\/\/www.urbanphotoawards.com\/wp-content\/uploads\/2023\/02\/2005_09zL0126.jpg\" data-rel=\"rgglightbox-gallery-3\" rel=\"rgg\"  class=\"rgg-disabled size-medium rgg-img rl-gallery-link\"  data-src=\"https:\/\/www.urbanphotoawards.com\/wp-content\/uploads\/2023\/02\/2005_09zL0126-300x240.jpg\" data-ratio=\"1.25\" data-height=\"240\" data-width=\"300\" aria-label=\"\" title=\"\" data-rl_title=\"\" data-rl_caption=\"\">\n                <span class=\"rgg-caption-container\"><span class=\"rgg-caption\"><span class=\"rgg-inner-caption\">Falls 26<\/span><\/span><\/span>            <\/a>\n                    <a href=\"https:\/\/www.urbanphotoawards.com\/wp-content\/uploads\/2023\/02\/2006_03zl0016.jpg\" data-rel=\"rgglightbox-gallery-3\" rel=\"rgg\"  class=\"rgg-disabled size-medium rgg-img rl-gallery-link\"  data-src=\"https:\/\/www.urbanphotoawards.com\/wp-content\/uploads\/2023\/02\/2006_03zl0016-300x240.jpg\" data-ratio=\"1.25\" data-height=\"240\" data-width=\"300\" aria-label=\"\" title=\"\" data-rl_title=\"\" data-rl_caption=\"\">\n                <span class=\"rgg-caption-container\"><span class=\"rgg-caption\"><span class=\"rgg-inner-caption\">2006_03zl0016<\/span><\/span><\/span>            <\/a>\n            <\/div>\n<\/div>\n<p>Soth ha una capacit\u00e0 unica di catturare lo spirito delle persone e dei luoghi che fotografa. Il suo lavoro \u00e8 una testimonianza della sua abilit\u00e0 di fotografo e sicuramente continuer\u00e0 a ispirare per molti anni a venire.<\/p>\n<p><strong>URBAN Photo Awards<\/strong> \u00e8 un evento annuale che si svolge dall&#8217;inizio di marzo alla fine di giugno e viene celebrato nell&#8217;ultimo weekend di ottobre, attraverso l&#8217;evento conclusivo <a href=\"https:\/\/www.triestephotodays.com\/\" target=\"_blank\" rel=\"nofollow\"><strong>Trieste Photo Days<\/strong><\/a><strong>. <\/strong>Quest&#8217;anno il <strong>Trieste Photo Days<\/strong> si terr\u00e0 dal <strong>27 al 29 ottobre <\/strong>nella vibrante citt\u00e0 costiera di <strong>Trieste<\/strong>, in Italia.<\/p>\n<p>Si tratta un raduno di appassionati di fotografia provenienti da tutto il mondo. L&#8217;evento offre diverse attivit\u00e0, tra cui workshop, conferenze, visite guidate e molto altro ancora, rappresentando un&#8217;ottima opportunit\u00e0 per incontrare altri fotografi, mostrare il proprio lavoro e approfondire l&#8217;arte e il mestiere della fotografia.<\/p>","protected":false},"excerpt":{"rendered":"<p>URBAN Photo Awards \u00e8 un evento annuale di grande prestigio dedicato alla celebrazione della fotografia e dei fotografi. L&#8217;edizione del 2023 si preannuncia come la pi\u00f9 grande e migliore di sempre e avr\u00e0 come presidente della giuria il famoso fotografo Alec Soth. Alec Soth \u00e8 [&hellip;]<\/p>\n","protected":false},"author":1,"featured_media":27660,"comment_status":"closed","ping_status":"open","sticky":false,"template":"","format":"standard","meta":[],"categories":[6],"tags":[],"acf":[],"_links":{"self":[{"href":"https:\/\/www.urbanphotoawards.com\/it\/wp-json\/wp\/v2\/posts\/27356"}],"collection":[{"href":"https:\/\/www.urbanphotoawards.com\/it\/wp-json\/wp\/v2\/posts"}],"about":[{"href":"https:\/\/www.urbanphotoawards.com\/it\/wp-json\/wp\/v2\/types\/post"}],"author":[{"embeddable":true,"href":"https:\/\/www.urbanphotoawards.com\/it\/wp-json\/wp\/v2\/users\/1"}],"replies":[{"embeddable":true,"href":"https:\/\/www.urbanphotoawards.com\/it\/wp-json\/wp\/v2\/comments?post=27356"}],"version-history":[{"count":16,"href":"https:\/\/www.urbanphotoawards.com\/it\/wp-json\/wp\/v2\/posts\/27356\/revisions"}],"predecessor-version":[{"id":27785,"href":"https:\/\/www.urbanphotoawards.com\/it\/wp-json\/wp\/v2\/posts\/27356\/revisions\/27785"}],"wp:featuredmedia":[{"embeddable":true,"href":"https:\/\/www.urbanphotoawards.com\/it\/wp-json\/wp\/v2\/media\/27660"}],"wp:attachment":[{"href":"https:\/\/www.urbanphotoawards.com\/it\/wp-json\/wp\/v2\/media?parent=27356"}],"wp:term":[{"taxonomy":"category","embeddable":true,"href":"https:\/\/www.urbanphotoawards.com\/it\/wp-json\/wp\/v2\/categories?post=27356"},{"taxonomy":"post_tag","embeddable":true,"href":"https:\/\/www.urbanphotoawards.com\/it\/wp-json\/wp\/v2\/tags?post=27356"}],"curies":[{"name":"wp","href":"https:\/\/api.w.org\/{rel}","templated":true}]}}