{"id":20233,"date":"2021-12-12T13:04:16","date_gmt":"2021-12-12T12:04:16","guid":{"rendered":"http:\/\/www.urbanphotoawards.com\/?p=20233"},"modified":"2022-02-24T14:54:24","modified_gmt":"2022-02-24T13:54:24","slug":"hyper-realistic-photography-an-interview-with-luca-meola-urbaninsights","status":"publish","type":"post","link":"https:\/\/www.urbanphotoawards.com\/it\/hyper-realistic-photography-an-interview-with-luca-meola-urbaninsights\/","title":{"rendered":"Fotografia iperrealista: intervista a Luca Meola \/ #URBANinsights"},"content":{"rendered":"<em>Nuova intervista per la serie #URBANinsights, gli approfondimenti esclusivi dedicati ai vincitori di URBAN Photo Awards. Abbiamo fatto quattro chiacchiere con Luca Meola, vincitore della sezione Projects &amp; Portfolios del contest 2021 con il progetto Crackland, selezionato da Paolo Pellegrin.<\/em><\/p>\n<hr \/>\n<p><strong><em>Ciao Luca, grazie per aver trovato del tempo da dedicarci. Come ti presenteresti a chi ancora non ti conosce come fotografo? <\/em><\/strong><br \/>\nCiao a tutte e tutti e grazie a voi per l\u2019opportunit\u00e0 di poter raccontare un po&#8217; di me. Prima di essere un fotografo mi definirei una persona molto curiosa ed un viaggiatore. Negli ultimi anni ho avuto la possibilit\u00e0 di vivere in Spagna, in Bolivia, in Senegal e da circa la fine del 2014 la mia vita si divide tra Italia e Brasile. Come fotografo il mio interesse principale sono i territori marginali, i contesti particolarmente problematici e complessi. La fotografia non \u00e8 altro che un mezzo, quello che mi \u00e8 sempre risultato pi\u00f9 congeniale, che mi ha permesso di navigare in questi mondi, di raccogliere e di raccontare le storie delle persone che li abitano. L\u2019essere umano ha una grande capacit\u00e0 di adattamento e nei miei progetti fotografici mi interesso di piccoli e grandi atti di resilienza e resistenza quotidiani.<\/p>\n<div class=\"rgg-container\" data-rgg-id=\"6\">    <div class=\"rgg-imagegrid captions-overlay-hover-show captions-effect-slide_up \" data-rgg-id=\"6\">\n                    <a href=\"https:\/\/www.urbanphotoawards.com\/wp-content\/uploads\/2022\/01\/Carnaval01.jpg\" data-rel=\"rgglightbox-gallery-5\" rel=\"rgg\"  class=\"rgg-disabled size-medium rgg-img rl-gallery-link\"  data-src=\"https:\/\/www.urbanphotoawards.com\/wp-content\/uploads\/2022\/01\/Carnaval01-300x200.jpg\" data-ratio=\"1.5\" data-height=\"200\" data-width=\"300\" aria-label=\"\" title=\"\" data-rl_title=\"\" data-rl_caption=\"\">\n                <span class=\"rgg-caption-container\"><span class=\"rgg-caption\"><span class=\"rgg-inner-caption\">Luca Meola \u2013 Carnaval <\/span><\/span><\/span>            <\/a>\n                    <a href=\"https:\/\/www.urbanphotoawards.com\/wp-content\/uploads\/2022\/01\/Carnaval02.jpg\" data-rel=\"rgglightbox-gallery-5\" rel=\"rgg\"  class=\"rgg-disabled size-medium rgg-img rl-gallery-link\"  data-src=\"https:\/\/www.urbanphotoawards.com\/wp-content\/uploads\/2022\/01\/Carnaval02-300x200.jpg\" data-ratio=\"1.5\" data-height=\"200\" data-width=\"300\" aria-label=\"\" title=\"\" data-rl_title=\"\" data-rl_caption=\"\">\n                <span class=\"rgg-caption-container\"><span class=\"rgg-caption\"><span class=\"rgg-inner-caption\">Luca Meola \u2013 Carnaval <\/span><\/span><\/span>            <\/a>\n                    <a href=\"https:\/\/www.urbanphotoawards.com\/wp-content\/uploads\/2022\/01\/Carnaval03.jpg\" data-rel=\"rgglightbox-gallery-5\" rel=\"rgg\"  class=\"rgg-disabled size-medium rgg-img rl-gallery-link\"  data-src=\"https:\/\/www.urbanphotoawards.com\/wp-content\/uploads\/2022\/01\/Carnaval03-300x200.jpg\" data-ratio=\"1.5\" data-height=\"200\" data-width=\"300\" aria-label=\"\" title=\"\" data-rl_title=\"\" data-rl_caption=\"\">\n                <span class=\"rgg-caption-container\"><span class=\"rgg-caption\"><span class=\"rgg-inner-caption\">Luca Meola \u2013 Carnaval <\/span><\/span><\/span>            <\/a>\n                    <a href=\"https:\/\/www.urbanphotoawards.com\/wp-content\/uploads\/2022\/01\/Carnaval04.jpg\" data-rel=\"rgglightbox-gallery-5\" rel=\"rgg\"  class=\"rgg-disabled size-medium rgg-img rl-gallery-link\"  data-src=\"https:\/\/www.urbanphotoawards.com\/wp-content\/uploads\/2022\/01\/Carnaval04-300x200.jpg\" data-ratio=\"1.5\" data-height=\"200\" data-width=\"300\" aria-label=\"\" title=\"\" data-rl_title=\"\" data-rl_caption=\"\">\n                <span class=\"rgg-caption-container\"><span class=\"rgg-caption\"><span class=\"rgg-inner-caption\">Luca Meola \u2013 Carnaval <\/span><\/span><\/span>            <\/a>\n            <\/div>\n<\/div>\n<p><strong><em>Voglio congratularmi con te per \u201cCrackland\u201d, il portfolio vincitore di URBAN Photo Awards 2021, selezionato da Paolo Pellegrin. Ci puoi raccontare il \u201cdietro le quinte\u201d di questo progetto?<\/em><\/strong><br \/>\nQuesto progetto nasce da un\u2019ossessione, la volont\u00e0 di raccontare uno dei luoghi pi\u00f9 estremi dove abbia mai messo piede. Era la fine del 2014, la prima volta che sono andato nella terra del crack. Mi ero appena trasferito in Brasile e avevo sentito parlare di un quartiere di San Paolo cos\u00ec chiamato per il consumo e lo spaccio a cielo aperto di stupefacenti. Mi ci ha portato un ragazzo conosciuto per strada, mi sono fidato di lui ed in cambio di qualche sigaretta mi ha condotto all\u2019interno del <em>fluxo<\/em>, il mercato della droga, la concentrazione di pi\u00f9 di un migliaio di persone tra trafficanti e consumatori di crack. La sensazione era di entrare in un posto a met\u00e0 tra un girone dantesco e una scena post apocalittica alla Mad Max. Il consumo di crack devasta non solo chi lo consuma ma anche gli edifici del quartiere, che sono mezzi distrutti e decadenti. In queste case diroccate vivono numerose famiglie in condizione di povert\u00e0 e attorno al <em>fluxo<\/em> negli anni si \u00e8 sviluppato un intero sistema di servizi. La Cracolandia \u00e8 una comunit\u00e0, una sorta di buco nero nel centro di San Paolo, con le sue peculiarit\u00e0 e le sue regole ma dove c\u2019\u00e8 posto per tutti. L\u2019obiettivo del mio progetto, cominciato nel 2018 e durato per circa 3 anni, era provare ad umanizzare un posto cos\u00ec stigmatizzato, cercando di descriverlo il pi\u00f9 possibile dall\u2019interno. Se ci sono riuscito \u00e8 grazie a due persone: Il \u201cpastore del pane\u201d, uno spazzino che, autoproclamatosi pastore, tutti i giorni entra nel <em>fluxo<\/em> con delle donazioni e Giulia, un\u2019 attivista, chiamata anche la madrina della Cracolandia. Sono entrambe due persone che hanno dedicato la loro vita a sostenere che \u00e8 finito nell\u2019inferno del crack: frequentare quotidianamente questo territorio con loro mi ha consentito accesso, riconoscimento e rispetto da parte di chi controlla il mercato dello spaccio.<\/p>\n<div class=\"rgg-container\" data-rgg-id=\"7\">    <div class=\"rgg-imagegrid captions-overlay-hover-show captions-effect-slide_up \" data-rgg-id=\"7\">\n                    <a href=\"https:\/\/www.urbanphotoawards.com\/wp-content\/uploads\/2022\/01\/Crackland01.jpg\" data-rel=\"rgglightbox-gallery-6\" rel=\"rgg\"  class=\"rgg-disabled size-medium rgg-img rl-gallery-link\"  data-src=\"https:\/\/www.urbanphotoawards.com\/wp-content\/uploads\/2022\/01\/Crackland01-300x200.jpg\" data-ratio=\"1.5\" data-height=\"200\" data-width=\"300\" aria-label=\"\" title=\"\" data-rl_title=\"\" data-rl_caption=\"\">\n                <span class=\"rgg-caption-container\"><span class=\"rgg-caption\"><span class=\"rgg-inner-caption\">Luca Meola - Crackland <\/span><\/span><\/span>            <\/a>\n                    <a href=\"https:\/\/www.urbanphotoawards.com\/wp-content\/uploads\/2022\/01\/Crackland02.jpg\" data-rel=\"rgglightbox-gallery-6\" rel=\"rgg\"  class=\"rgg-disabled size-medium rgg-img rl-gallery-link\"  data-src=\"https:\/\/www.urbanphotoawards.com\/wp-content\/uploads\/2022\/01\/Crackland02-300x200.jpg\" data-ratio=\"1.5\" data-height=\"200\" data-width=\"300\" aria-label=\"\" title=\"\" data-rl_title=\"\" data-rl_caption=\"\">\n                <span class=\"rgg-caption-container\"><span class=\"rgg-caption\"><span class=\"rgg-inner-caption\">Luca Meola - Crackland <\/span><\/span><\/span>            <\/a>\n                    <a href=\"https:\/\/www.urbanphotoawards.com\/wp-content\/uploads\/2022\/01\/Crackland04.jpg\" data-rel=\"rgglightbox-gallery-6\" rel=\"rgg\"  class=\"rgg-disabled size-medium rgg-img rl-gallery-link\"  data-src=\"https:\/\/www.urbanphotoawards.com\/wp-content\/uploads\/2022\/01\/Crackland04-300x200.jpg\" data-ratio=\"1.5\" data-height=\"200\" data-width=\"300\" aria-label=\"\" title=\"\" data-rl_title=\"\" data-rl_caption=\"\">\n                <span class=\"rgg-caption-container\"><span class=\"rgg-caption\"><span class=\"rgg-inner-caption\">Luca Meola - Crackland <\/span><\/span><\/span>            <\/a>\n                    <a href=\"https:\/\/www.urbanphotoawards.com\/wp-content\/uploads\/2022\/01\/Crackland03.jpg\" data-rel=\"rgglightbox-gallery-6\" rel=\"rgg\"  class=\"rgg-disabled size-medium rgg-img rl-gallery-link\"  data-src=\"https:\/\/www.urbanphotoawards.com\/wp-content\/uploads\/2022\/01\/Crackland03-300x200.jpg\" data-ratio=\"1.5\" data-height=\"200\" data-width=\"300\" aria-label=\"\" title=\"\" data-rl_title=\"\" data-rl_caption=\"\">\n                <span class=\"rgg-caption-container\"><span class=\"rgg-caption\"><span class=\"rgg-inner-caption\">Luca Meola - Crackland <\/span><\/span><\/span>            <\/a>\n            <\/div>\n<\/div>\n<p><strong><em>Come descriveresti il tuo stile? Quali fotografi ti hanno influenzato?<\/em><\/strong><br \/>\nLa mia fotografia \u00e8 a met\u00e0 tra la fotografia di strada e la fotografia documentaria e, per i temi trattati e per il mio stile fotografico forse mi definirei \u201ciperrealista\u201d. Mi piace quando la realt\u00e0 straborda dalle mie immagini. Mi piacciono i colori forti, la matericit\u00e0 dei corpi, mi piace quando quello che fotografo \u00e8 cos\u00ec surreale da non sembrare reale, quando \u00e8 quasi magico o tragicomico. Nel contempo presto molta attenzione al ricordarmi il nome e le storie delle persone di cui racconto. Mentre fotografo registro interviste, raccolgo note di campo. Cerco di trattare questo materiale cos\u00ec sensibile con grande cura e rispetto. Penso che la fotografia non deve solo essere un mero esercizio di stile, ma deve aspirare ad una funzione politica offrendo una chiave di lettura il pi\u00f9 possibile profonda e sfaccettata su un dato contesto, tema e situazione.<br \/>\nStudio, amo e mi nutro di fotografia quotidianamente quindi ogni giorno scopro qualche autrice e autore nuovo che senza dubbio affina il mio sguardo.<br \/>\nHo la fortuna di vivere per la maggior parte del mio tempo in Brasile e quindi, se proprio devo nominare qualcuno, cito due fotografi importanti per la storia della fotografia brasiliana: Claudia Andujar con il suo lavoro visionario sulle comunit\u00e0 indigene Yanomami e Luiz Braga per rendere cos\u00ec vividi i colori dell\u2019Amazzonia. In questi anni brasiliani ho avuto la possibilit\u00e0 di conoscere di persona anche una nuova generazione di fotografe e fotografi che documentano da Nord a Sud, con grande rigore e passione questa terra cos\u00ec ricca e al contempo complicata: Isis Medeiros, Nay Jinknss, Camila Falca\u0303o, Raphael Alves, Bruno Kelly, Victor Moriyama, Rafael Vilela, gli integranti del collettivo Everydaybrasil, gli integranti del colettivo Farpa\u2026sono i primi nomi che mi vengono in mente, perch\u00e8 la lista sarebbe molto lunga. I pi\u00f9 conoscono il Brasile solo attraverso gli occhi di Sebasti\u00e3o Salgado ma, senza togliere nulla al maestro, il Brasile \u00e8 una terra molto ricca e variegata anche dal punto di vista della sua produzione fotografica.<\/p>\n<p><strong><em>Da quanto tempo fotografi? Come ti sei interessato a questo mestiere? <\/em><\/strong><br \/>\nHo ricevuto la mia prima macchina fotografica da bambino, perch\u00e9 mio zio era fotografo, ma solo nel 2003, ho realizzato il mio primo vero reportage sui ragazzi di strada di La Paz, quando per un anno ho operato come casco bianco in Bolivia. Sicuramente il mio interesse per i temi sociali \u00e8 legato al fatto di essermi laureato in Sociologia e di aver lavorato fino al 2010 circa come operatore e ricercatore sociale in contesti di marginalit\u00e0. Tuttora sono socio e collaboratore di Codici, un\u2019agenzia di ricerca indipendente di Milano. Dal 2010 la fotografia \u00e8 la mia unica professione e fonte di reddito. Sono fotografo documentarista freelance, pubblico i miei lavori su magazine internazionali, collaboro con ONG, tengo workshop di fotografia e necessariamente mi dedico anche a parecchi lavori commerciali, dai ritratti in studio, alla fotografia di backstage durante la fashion week sia di San Paolo che di Milano.<\/p>\n<div class=\"rgg-container\" data-rgg-id=\"8\">    <div class=\"rgg-imagegrid captions-overlay-hover-show captions-effect-slide_up \" data-rgg-id=\"8\">\n                    <a href=\"https:\/\/www.urbanphotoawards.com\/wp-content\/uploads\/2022\/01\/Primavera-Guarani02.jpg\" data-rel=\"rgglightbox-gallery-7\" rel=\"rgg\"  class=\"rgg-disabled size-medium rgg-img rl-gallery-link\"  data-src=\"https:\/\/www.urbanphotoawards.com\/wp-content\/uploads\/2022\/01\/Primavera-Guarani02-300x200.jpg\" data-ratio=\"1.5\" data-height=\"200\" data-width=\"300\" aria-label=\"\" title=\"\" data-rl_title=\"\" data-rl_caption=\"\">\n                <span class=\"rgg-caption-container\"><span class=\"rgg-caption\"><span class=\"rgg-inner-caption\">Luca Meola - Primavera Guarani <\/span><\/span><\/span>            <\/a>\n                    <a href=\"https:\/\/www.urbanphotoawards.com\/wp-content\/uploads\/2022\/01\/Primavera-Guarani01.jpg\" data-rel=\"rgglightbox-gallery-7\" rel=\"rgg\"  class=\"rgg-disabled size-medium rgg-img rl-gallery-link\"  data-src=\"https:\/\/www.urbanphotoawards.com\/wp-content\/uploads\/2022\/01\/Primavera-Guarani01-300x200.jpg\" data-ratio=\"1.5\" data-height=\"200\" data-width=\"300\" aria-label=\"\" title=\"\" data-rl_title=\"\" data-rl_caption=\"\">\n                <span class=\"rgg-caption-container\"><span class=\"rgg-caption\"><span class=\"rgg-inner-caption\">Luca Meola - Primavera Guarani <\/span><\/span><\/span>            <\/a>\n                    <a href=\"https:\/\/www.urbanphotoawards.com\/wp-content\/uploads\/2022\/01\/Primavera-Guarani03.jpg\" data-rel=\"rgglightbox-gallery-7\" rel=\"rgg\"  class=\"rgg-disabled size-medium rgg-img rl-gallery-link\"  data-src=\"https:\/\/www.urbanphotoawards.com\/wp-content\/uploads\/2022\/01\/Primavera-Guarani03-300x200.jpg\" data-ratio=\"1.5\" data-height=\"200\" data-width=\"300\" aria-label=\"\" title=\"\" data-rl_title=\"\" data-rl_caption=\"\">\n                <span class=\"rgg-caption-container\"><span class=\"rgg-caption\"><span class=\"rgg-inner-caption\">Luca Meola - Primavera Guarani <\/span><\/span><\/span>            <\/a>\n                    <a href=\"https:\/\/www.urbanphotoawards.com\/wp-content\/uploads\/2022\/01\/Primavera-Guarani04.jpg\" data-rel=\"rgglightbox-gallery-7\" rel=\"rgg\"  class=\"rgg-disabled size-medium rgg-img rl-gallery-link\"  data-src=\"https:\/\/www.urbanphotoawards.com\/wp-content\/uploads\/2022\/01\/Primavera-Guarani04-300x200.jpg\" data-ratio=\"1.5\" data-height=\"200\" data-width=\"300\" aria-label=\"\" title=\"\" data-rl_title=\"\" data-rl_caption=\"\">\n                <span class=\"rgg-caption-container\"><span class=\"rgg-caption\"><span class=\"rgg-inner-caption\">Luca Meola - Primavera Guarani <\/span><\/span><\/span>            <\/a>\n            <\/div>\n<\/div>\n<p><strong><em>Che attrezzatura usi? Dedichi molto tempo all\u2019editing delle tue immagini?<\/em><\/strong><br \/>\nSono passato solo nel 2009 al digitale perch\u00e9 prima scattavo in analogico e mi dedicavo a sviluppare e stampare in una camera oscura che avevo allestito nella stessa stanza dove dormivo. Oggi nella mia camera di Milano al posto dell\u2019ingranditore c\u2019\u00e8 un monitor: i miei file raw grezzi non sono molto diversi dai miei negativi perch\u00e9 vanno sviluppati e interpretati. In realt\u00e0 trovo che tutta la fotografia sia una sorta di interpretazione della realt\u00e0 a cominciare dal decidere cosa includere o escludere da un fotogramma e da quali focali usare. Facendo soprattutto fotografia di documentazione non dedico eccessivo tempo al ritocco delle mie immagini mentre perdo giorni e notti alla fase di editing. Come fotografo non ragiono mai sulla foto singola: per me le singole fotografie sono come frasi che andranno poi a comporre un racconto o una poesia. Il lavoro di editing \u00e8 in assoluto una delle sfide pi\u00f9 difficili: come mettere mano a migliaia di scatti per tirarne fuori una ridotta selezione coerente da un punto di vista narrativo e stilistico per una pubblicazione, un concorso od un libro?<br \/>\nLa mia macchina preferita \u00e8 la Fujifilm X100 (ora ho la X100V perch\u00e9 i modelli precedenti li ho usati cos\u00ec tanto da averli consumati). Con la Fuji riesco a scattare in qualsiasi situazione e condizione e se esco di casa senza la macchina attaccata alla cintura mi sento nudo. Per i lavori commerciali di tutti i giorni e anche a volte per il reportage uso una Canon 5D Mark3 accoppiata a lenti fisse e zoom.<\/p>\n<div class=\"rgg-container\" data-rgg-id=\"9\">    <div class=\"rgg-imagegrid captions-overlay-hover-show captions-effect-slide_up \" data-rgg-id=\"9\">\n                    <a href=\"https:\/\/www.urbanphotoawards.com\/wp-content\/uploads\/2022\/01\/Peri-Alto04.jpg\" data-rel=\"rgglightbox-gallery-8\" rel=\"rgg\"  class=\"rgg-disabled size-medium rgg-img rl-gallery-link\"  data-src=\"https:\/\/www.urbanphotoawards.com\/wp-content\/uploads\/2022\/01\/Peri-Alto04-300x200.jpg\" data-ratio=\"1.5\" data-height=\"200\" data-width=\"300\" aria-label=\"\" title=\"\" data-rl_title=\"\" data-rl_caption=\"\">\n                <span class=\"rgg-caption-container\"><span class=\"rgg-caption\"><span class=\"rgg-inner-caption\">Luca Meola - Peri Alto <\/span><\/span><\/span>            <\/a>\n                    <a href=\"https:\/\/www.urbanphotoawards.com\/wp-content\/uploads\/2022\/01\/Peri-Alto02.jpg\" data-rel=\"rgglightbox-gallery-8\" rel=\"rgg\"  class=\"rgg-disabled size-medium rgg-img rl-gallery-link\"  data-src=\"https:\/\/www.urbanphotoawards.com\/wp-content\/uploads\/2022\/01\/Peri-Alto02-300x200.jpg\" data-ratio=\"1.5\" data-height=\"200\" data-width=\"300\" aria-label=\"\" title=\"\" data-rl_title=\"\" data-rl_caption=\"\">\n                <span class=\"rgg-caption-container\"><span class=\"rgg-caption\"><span class=\"rgg-inner-caption\">Luca Meola - Peri Alto <\/span><\/span><\/span>            <\/a>\n                    <a href=\"https:\/\/www.urbanphotoawards.com\/wp-content\/uploads\/2022\/01\/Peri-Alto03.jpg\" data-rel=\"rgglightbox-gallery-8\" rel=\"rgg\"  class=\"rgg-disabled size-medium rgg-img rl-gallery-link\"  data-src=\"https:\/\/www.urbanphotoawards.com\/wp-content\/uploads\/2022\/01\/Peri-Alto03-300x200.jpg\" data-ratio=\"1.5\" data-height=\"200\" data-width=\"300\" aria-label=\"\" title=\"\" data-rl_title=\"\" data-rl_caption=\"\">\n                <span class=\"rgg-caption-container\"><span class=\"rgg-caption\"><span class=\"rgg-inner-caption\">Luca Meola - Peri Alto <\/span><\/span><\/span>            <\/a>\n                    <a href=\"https:\/\/www.urbanphotoawards.com\/wp-content\/uploads\/2022\/01\/Peri-Alto01.jpg\" data-rel=\"rgglightbox-gallery-8\" rel=\"rgg\"  class=\"rgg-disabled size-medium rgg-img rl-gallery-link\"  data-src=\"https:\/\/www.urbanphotoawards.com\/wp-content\/uploads\/2022\/01\/Peri-Alto01-300x200.jpg\" data-ratio=\"1.5\" data-height=\"200\" data-width=\"300\" aria-label=\"\" title=\"\" data-rl_title=\"\" data-rl_caption=\"\">\n                <span class=\"rgg-caption-container\"><span class=\"rgg-caption\"><span class=\"rgg-inner-caption\">Luca Meola - Peri Alto <\/span><\/span><\/span>            <\/a>\n            <\/div>\n<\/div>\n<p><strong><em>Che consiglio daresti a un aspirante fotografo che vuole approcciarsi alla fotografia in modo professionale?<\/em><\/strong><br \/>\nTutti i giorni mi dico che il pi\u00f9 grande talento \u00e8 la determinazione e la mia pi\u00f9 grande motivazione \u00e8 poter vivere di quello che pi\u00f9 di tutto amo fare nella vita. Io amo la fotografia e mi ci dedico tutti i giorni anche perch\u00e9, a parte forse cucinare, credo di non sapere fare altre cose altrettanto bene. Oggi non \u00e8 facile campare di fotografia, campare di reportage ancora meno. Nel mio piccolo ho trovato un compromesso e mi divido tra lavori pi\u00f9 commerciali e i miei progetti di reportage di lungo periodo. Non disdegno nessun tipo di fotografia e vi assicuro, imparo sempre qualcosa. Per molte estati dal Brasile tornavo in Italia e facevo il fotografo di matrimoni: se oggi riesco a scattare col flash in qualsiasi tipo di situazione, \u00e8 anche grazie a questa esperienza di lavoro. Se infine dovessi dare dei consigli ad un neofita, sarebbero gli stessi che do tutti i giorni a me stesso:<\/p>\n<ol>\n<li>nutrirsi quotidianamente di fotografia, arte, cinema, letteratura e qualsiasi cosa sia uno stimolo<\/li>\n<li>appassionarsi a storie inedite, che valga la pena raccontare, il mondo ne \u00e8 pieno e trovare il proprio stile per narrarle<\/li>\n<li>abituarsi a ricevere dei no\u2026 sono molti di pi\u00f9 i concorsi che non vanno, i photoeditor che non ti rispondono e le riviste che non ti vogliono pubblicare. Bisogna solo insistere<\/li>\n<li>uscire sempre e costantemente dalla propria comfort zone\u2026si rischia, \u00e8 faticoso ma \u00e8 l\u2019unica forma di produrre qualcosa di valido<\/li>\n<\/ol>\n<p><strong><em>Quali sono i tuoi progetti per il futuro? A cosa stai lavorando ora?<\/em><\/strong><br \/>\n\u00c8 un momento molto bello per la mia vita lavorativa. A gennaio pubblicher\u00f2 il mio primo libro fotografico e si chiamer\u00e0 Selva de Pedra, la giungla di cemento, un racconto molto personale e reale della citt\u00e0 di San Paolo e del Brasile di oggi. Questo libro sar\u00e0 diviso in cinque capitoli: oltre alla terra del crack, ci sar\u00e0 un mio primo lavoro sul centro di San Paolo (<em>Cidade da Garoa<\/em> fu esposto a Trieste Photo Days nel 2016) , un lavoro sul carnevale di strada, un progetto su una terra indigena per chiudere con un reportage su una favela di periferia. Sono tutti territori \u201cmarginali\u201d, mondi periferici che convivono nella citt\u00e0 di San Paolo, che ho attraversato e raccontato nei miei ultimi 6 anni di vita. Il libro sar\u00e0 stampato da selfselfbooks di Milano e sar\u00e0 distribuito in librerie specializzate o attraverso il mio sito.<br \/>\nA febbraio sar\u00f2 finalmente di ritorno in Brasile con un viaggio di esplorazione lungo il Rio Negro dell\u2019Amazzonia, un progetto finanziato da un istituto di ricerca. Il Brasile di oggi \u00e8 un paese devastato dalla pandemia e da una crisi generalizzata politica, economica e sociale. Nel prossimo anno cercher\u00f2 di stare in prima linea a fotografare e raccontare questo momento cos\u00ec difficile ed intenso di un paese estremo e meraviglioso che anni fa mi ha adottato e dove fin dal primo giorno mi sono sentito a casa.<\/p>\n<div class=\"rgg-container\" data-rgg-id=\"10\">    <div class=\"rgg-imagegrid captions-overlay-hover-show captions-effect-slide_up \" data-rgg-id=\"10\">\n                    <a href=\"https:\/\/www.urbanphotoawards.com\/wp-content\/uploads\/2022\/01\/Cidade-da-Garoa02.jpg\" data-rel=\"rgglightbox-gallery-9\" rel=\"rgg\"  class=\"rgg-disabled size-medium rgg-img rl-gallery-link\"  data-src=\"https:\/\/www.urbanphotoawards.com\/wp-content\/uploads\/2022\/01\/Cidade-da-Garoa02-300x200.jpg\" data-ratio=\"1.5\" data-height=\"200\" data-width=\"300\" aria-label=\"\" title=\"\" data-rl_title=\"\" data-rl_caption=\"\">\n                <span class=\"rgg-caption-container\"><span class=\"rgg-caption\"><span class=\"rgg-inner-caption\">Luca Meola - Cidade da Garoa <\/span><\/span><\/span>            <\/a>\n                    <a href=\"https:\/\/www.urbanphotoawards.com\/wp-content\/uploads\/2022\/01\/Cidade-da-Garoa01.jpg\" data-rel=\"rgglightbox-gallery-9\" rel=\"rgg\"  class=\"rgg-disabled size-medium rgg-img rl-gallery-link\"  data-src=\"https:\/\/www.urbanphotoawards.com\/wp-content\/uploads\/2022\/01\/Cidade-da-Garoa01-300x199.jpg\" data-ratio=\"1.5075376884422\" data-height=\"199\" data-width=\"300\" aria-label=\"\" title=\"\" data-rl_title=\"\" data-rl_caption=\"\">\n                <span class=\"rgg-caption-container\"><span class=\"rgg-caption\"><span class=\"rgg-inner-caption\">Luca Meola - Cidade da Garoa <\/span><\/span><\/span>            <\/a>\n                    <a href=\"https:\/\/www.urbanphotoawards.com\/wp-content\/uploads\/2022\/01\/Cidade-da-Garoa03.jpg\" data-rel=\"rgglightbox-gallery-9\" rel=\"rgg\"  class=\"rgg-disabled size-medium rgg-img rl-gallery-link\"  data-src=\"https:\/\/www.urbanphotoawards.com\/wp-content\/uploads\/2022\/01\/Cidade-da-Garoa03-300x200.jpg\" data-ratio=\"1.5\" data-height=\"200\" data-width=\"300\" aria-label=\"\" title=\"\" data-rl_title=\"\" data-rl_caption=\"\">\n                <span class=\"rgg-caption-container\"><span class=\"rgg-caption\"><span class=\"rgg-inner-caption\">Luca Meola - Cidade da Garoa <\/span><\/span><\/span>            <\/a>\n                    <a href=\"https:\/\/www.urbanphotoawards.com\/wp-content\/uploads\/2022\/01\/Cidade-da-Garoa04.jpg\" data-rel=\"rgglightbox-gallery-9\" rel=\"rgg\"  class=\"rgg-disabled size-medium rgg-img rl-gallery-link\"  data-src=\"https:\/\/www.urbanphotoawards.com\/wp-content\/uploads\/2022\/01\/Cidade-da-Garoa04-300x200.jpg\" data-ratio=\"1.5\" data-height=\"200\" data-width=\"300\" aria-label=\"\" title=\"\" data-rl_title=\"\" data-rl_caption=\"\">\n                <span class=\"rgg-caption-container\"><span class=\"rgg-caption\"><span class=\"rgg-inner-caption\">Luca Meola - Cidade da Garoa <\/span><\/span><\/span>            <\/a>\n            <\/div>\n<\/div>\n<p><strong><a href=\"http:\/\/www.lucameola.com\" target=\"_blank\" rel=\"nofollow\">www.lucameola.com<\/a><\/strong><br \/>\n<strong>IG: @lucameola1977<\/strong><\/p>","protected":false},"excerpt":{"rendered":"<p>Nuova intervista per la serie #URBANinsights, gli approfondimenti esclusivi dedicati ai vincitori di URBAN Photo Awards. Abbiamo fatto quattro chiacchiere con Luca Meola, vincitore della sezione Projects &amp; Portfolios del contest 2021 con il progetto Crackland, selezionato da Paolo Pellegrin. Ciao Luca, grazie per aver [&hellip;]<\/p>\n","protected":false},"author":1,"featured_media":20237,"comment_status":"closed","ping_status":"open","sticky":false,"template":"","format":"standard","meta":[],"categories":[324,6],"tags":[],"acf":[],"_links":{"self":[{"href":"https:\/\/www.urbanphotoawards.com\/it\/wp-json\/wp\/v2\/posts\/20233"}],"collection":[{"href":"https:\/\/www.urbanphotoawards.com\/it\/wp-json\/wp\/v2\/posts"}],"about":[{"href":"https:\/\/www.urbanphotoawards.com\/it\/wp-json\/wp\/v2\/types\/post"}],"author":[{"embeddable":true,"href":"https:\/\/www.urbanphotoawards.com\/it\/wp-json\/wp\/v2\/users\/1"}],"replies":[{"embeddable":true,"href":"https:\/\/www.urbanphotoawards.com\/it\/wp-json\/wp\/v2\/comments?post=20233"}],"version-history":[{"count":2,"href":"https:\/\/www.urbanphotoawards.com\/it\/wp-json\/wp\/v2\/posts\/20233\/revisions"}],"predecessor-version":[{"id":20255,"href":"https:\/\/www.urbanphotoawards.com\/it\/wp-json\/wp\/v2\/posts\/20233\/revisions\/20255"}],"wp:featuredmedia":[{"embeddable":true,"href":"https:\/\/www.urbanphotoawards.com\/it\/wp-json\/wp\/v2\/media\/20237"}],"wp:attachment":[{"href":"https:\/\/www.urbanphotoawards.com\/it\/wp-json\/wp\/v2\/media?parent=20233"}],"wp:term":[{"taxonomy":"category","embeddable":true,"href":"https:\/\/www.urbanphotoawards.com\/it\/wp-json\/wp\/v2\/categories?post=20233"},{"taxonomy":"post_tag","embeddable":true,"href":"https:\/\/www.urbanphotoawards.com\/it\/wp-json\/wp\/v2\/tags?post=20233"}],"curies":[{"name":"wp","href":"https:\/\/api.w.org\/{rel}","templated":true}]}}