{"id":20174,"date":"2021-10-18T11:58:14","date_gmt":"2021-10-18T09:58:14","guid":{"rendered":"http:\/\/www.urbanphotoawards.com\/?p=20174"},"modified":"2022-01-20T12:11:01","modified_gmt":"2022-01-20T11:11:01","slug":"four-urban-2021-projects-selected-for-the-exhibition-prize-at-the-sartorio-museum-in-trieste","status":"publish","type":"post","link":"https:\/\/www.urbanphotoawards.com\/it\/four-urban-2021-projects-selected-for-the-exhibition-prize-at-the-sartorio-museum-in-trieste\/","title":{"rendered":"Quattro progetti di URBAN 2021 selezionati per la mostra-premio al Museo Sartorio di Trieste"},"content":{"rendered":"Per il quarto anno di fila, la collaborazione tra <strong>URBAN Photo Awards<\/strong> e il <strong>Servizio Musei e Biblioteche del Comune di Trieste<\/strong> dar\u00e0 vita a una prestigiosa mostra-premio al <strong>Civico Museo Museo Sartorio <\/strong>per quattro progetti finalisti all&#8217;edizione 2021 del contest.<\/p>\n<p>I progetti in mostra sono stati selezionati da <strong>Laura Carlini Fanfogna<\/strong>, direttrice dei Civici Musei del Comune di Trieste e da <strong>Claudia Colecchia<\/strong>, responsabile della Fototeca e della Biblioteca dei Civici Musei del Comune di Trieste. Per l\u2019allestimento ci si \u00e8 avvalsi della collaborazione del conservatore del museo <strong>Lorenza Resciniti<\/strong> e del personale della Fototeca dei Civici Musei di Storia ed Arte.<\/p>\n<p>La collettiva si terr\u00e0, come di consueto, nell\u2019ambito del festival <strong>Trieste Photo Days<\/strong> e sar\u00e0 inaugurata <strong>sabato 30 ottobre 2021 alle ore 14.30<\/strong>, presenti gli autori che, dopo aver presentato al pubblico i loro progetti, saranno premiati. Le foto rimarranno esposte fino al 6 gennaio 2022.<\/p>\n<hr \/>\n<p><em>I progetti selezionati<\/em><\/p>\n<h3><strong>Giedo van der Zwan &#8211; <em>Dog &amp; Company<\/em><\/strong><\/h3>\n<p>\u00abLe relative regole di distanziamento sociale dovute al Covid hanno avuto un impatto diretto sulla mia fotografia. Avvicinarsi alle persone non era pi\u00f9 possibile, e per me era una cosa importante perch\u00e9 preferisco fotografare le persone da molto vicino. Cos\u00ec ho deciso di adottare un approccio diverso: invece di concentrarmi sulle persone, sono andato alla ricerca dei cani sulla spiaggia di Scheveningen, in Olanda, vicino a dove vivo. E &#8211; cosa molto importante &#8211; ho deciso per motivi di sicurezza che i cani dovevano stare tra me e le persone che li portavano a spasso.\u00bb<\/p>\n<div class=\"rgg-container\" data-rgg-id=\"5\">    <div class=\"rgg-imagegrid captions-overlay-hover-show captions-effect-slide_up \" data-rgg-id=\"5\">\n                    <a href=\"https:\/\/www.urbanphotoawards.com\/wp-content\/uploads\/2022\/01\/Giedo-Van-Der-Zwan-Dog-Company-_P_01.jpg\" data-rel=\"rgglightbox-gallery-4\" rel=\"rgg\"  class=\"rgg-disabled size-medium rgg-img rl-gallery-link\"  data-src=\"https:\/\/www.urbanphotoawards.com\/wp-content\/uploads\/2022\/01\/Giedo-Van-Der-Zwan-Dog-Company-_P_01-300x200.jpg\" data-ratio=\"1.5\" data-height=\"200\" data-width=\"300\" aria-label=\"\" title=\"\" data-rl_title=\"\" data-rl_caption=\"\">\n                <span class=\"rgg-caption-container\"><span class=\"rgg-caption\"><span class=\"rgg-inner-caption\">Giedo van der Zwan<\/span><\/span><\/span>            <\/a>\n                    <a href=\"https:\/\/www.urbanphotoawards.com\/wp-content\/uploads\/2022\/01\/Giedo-Van-Der-Zwan-Dog-Company-_P_02.jpg\" data-rel=\"rgglightbox-gallery-4\" rel=\"rgg\"  class=\"rgg-disabled size-medium rgg-img rl-gallery-link\"  data-src=\"https:\/\/www.urbanphotoawards.com\/wp-content\/uploads\/2022\/01\/Giedo-Van-Der-Zwan-Dog-Company-_P_02-300x200.jpg\" data-ratio=\"1.5\" data-height=\"200\" data-width=\"300\" aria-label=\"\" title=\"\" data-rl_title=\"\" data-rl_caption=\"\">\n                <span class=\"rgg-caption-container\"><span class=\"rgg-caption\"><span class=\"rgg-inner-caption\">Giedo van der Zwan<\/span><\/span><\/span>            <\/a>\n                    <a href=\"https:\/\/www.urbanphotoawards.com\/wp-content\/uploads\/2022\/01\/Giedo-Van-Der-Zwan-Dog-Company-_P_09.jpg\" data-rel=\"rgglightbox-gallery-4\" rel=\"rgg\"  class=\"rgg-disabled size-medium rgg-img rl-gallery-link\"  data-src=\"https:\/\/www.urbanphotoawards.com\/wp-content\/uploads\/2022\/01\/Giedo-Van-Der-Zwan-Dog-Company-_P_09-300x200.jpg\" data-ratio=\"1.5\" data-height=\"200\" data-width=\"300\" aria-label=\"\" title=\"\" data-rl_title=\"\" data-rl_caption=\"\">\n                <span class=\"rgg-caption-container\"><span class=\"rgg-caption\"><span class=\"rgg-inner-caption\">Giedo van der Zwan<\/span><\/span><\/span>            <\/a>\n                    <a href=\"https:\/\/www.urbanphotoawards.com\/wp-content\/uploads\/2022\/01\/Giedo-Van-Der-Zwan-Dog-Company-_P_10.jpg\" data-rel=\"rgglightbox-gallery-4\" rel=\"rgg\"  class=\"rgg-disabled size-medium rgg-img rl-gallery-link\"  data-src=\"https:\/\/www.urbanphotoawards.com\/wp-content\/uploads\/2022\/01\/Giedo-Van-Der-Zwan-Dog-Company-_P_10-300x200.jpg\" data-ratio=\"1.5\" data-height=\"200\" data-width=\"300\" aria-label=\"\" title=\"\" data-rl_title=\"\" data-rl_caption=\"\">\n                <span class=\"rgg-caption-container\"><span class=\"rgg-caption\"><span class=\"rgg-inner-caption\">Giedo van der Zwan<\/span><\/span><\/span>            <\/a>\n            <\/div>\n<\/div>\n<hr \/>\n<h3><strong>Giovanni Paolini &#8211; <em>Impressioni urbane<\/em><\/strong><\/h3>\n<p>\u00abSono molto attratto dalla citt\u00e0 e le mie foto vorrebbero trasmetterne l&#8217;atmosfera. Apparizioni improvvise, ombre che prendono forma dal nulla come fantasmi, componendo diverse realt\u00e0 di una citt\u00e0 dai mille volti. Il mio intento \u00e8 usare la mia visione fotografica per creare un documento avvincente ed estetico del mondo che ci circonda.\u00bb<\/p>\n<div class=\"rgg-container\" data-rgg-id=\"6\">    <div class=\"rgg-imagegrid captions-overlay-hover-show captions-effect-slide_up \" data-rgg-id=\"6\">\n                    <a href=\"https:\/\/www.urbanphotoawards.com\/wp-content\/uploads\/2022\/01\/Giovanni-Paolini-Impressioni-Urbane-_P_06.jpg\" data-rel=\"rgglightbox-gallery-5\" rel=\"rgg\"  class=\"rgg-disabled size-medium rgg-img rl-gallery-link\"  data-src=\"https:\/\/www.urbanphotoawards.com\/wp-content\/uploads\/2022\/01\/Giovanni-Paolini-Impressioni-Urbane-_P_06-300x225.jpg\" data-ratio=\"1.3333333333333\" data-height=\"225\" data-width=\"300\" aria-label=\"\" title=\"\" data-rl_title=\"\" data-rl_caption=\"\">\n                <span class=\"rgg-caption-container\"><span class=\"rgg-caption\"><span class=\"rgg-inner-caption\">Giovanni Paolini<\/span><\/span><\/span>            <\/a>\n                    <a href=\"https:\/\/www.urbanphotoawards.com\/wp-content\/uploads\/2022\/01\/Giovanni-Paolini-Impressioni-Urbane-_P_04.jpg\" data-rel=\"rgglightbox-gallery-5\" rel=\"rgg\"  class=\"rgg-disabled size-medium rgg-img rl-gallery-link\"  data-src=\"https:\/\/www.urbanphotoawards.com\/wp-content\/uploads\/2022\/01\/Giovanni-Paolini-Impressioni-Urbane-_P_04-300x225.jpg\" data-ratio=\"1.3333333333333\" data-height=\"225\" data-width=\"300\" aria-label=\"\" title=\"\" data-rl_title=\"\" data-rl_caption=\"\">\n                <span class=\"rgg-caption-container\"><span class=\"rgg-caption\"><span class=\"rgg-inner-caption\">Giovanni Paolini<\/span><\/span><\/span>            <\/a>\n                    <a href=\"https:\/\/www.urbanphotoawards.com\/wp-content\/uploads\/2022\/01\/Giovanni-Paolini-Impressioni-Urbane-_P_02.jpg\" data-rel=\"rgglightbox-gallery-5\" rel=\"rgg\"  class=\"rgg-disabled size-medium rgg-img rl-gallery-link\"  data-src=\"https:\/\/www.urbanphotoawards.com\/wp-content\/uploads\/2022\/01\/Giovanni-Paolini-Impressioni-Urbane-_P_02-300x225.jpg\" data-ratio=\"1.3333333333333\" data-height=\"225\" data-width=\"300\" aria-label=\"\" title=\"\" data-rl_title=\"\" data-rl_caption=\"\">\n                <span class=\"rgg-caption-container\"><span class=\"rgg-caption\"><span class=\"rgg-inner-caption\">Giovanni Paolini<\/span><\/span><\/span>            <\/a>\n                    <a href=\"https:\/\/www.urbanphotoawards.com\/wp-content\/uploads\/2022\/01\/Giovanni-Paolini-Impressioni-Urbane-_P_01.jpg\" data-rel=\"rgglightbox-gallery-5\" rel=\"rgg\"  class=\"rgg-disabled size-medium rgg-img rl-gallery-link\"  data-src=\"https:\/\/www.urbanphotoawards.com\/wp-content\/uploads\/2022\/01\/Giovanni-Paolini-Impressioni-Urbane-_P_01-300x225.jpg\" data-ratio=\"1.3333333333333\" data-height=\"225\" data-width=\"300\" aria-label=\"\" title=\"\" data-rl_title=\"\" data-rl_caption=\"\">\n                <span class=\"rgg-caption-container\"><span class=\"rgg-caption\"><span class=\"rgg-inner-caption\">Giovanni Paolini<\/span><\/span><\/span>            <\/a>\n            <\/div>\n<\/div>\n<hr \/>\n<h3><strong>Joseph Ford &#8211; <em>Invisible Jumpers<\/em><\/strong><\/h3>\n<p>\u00abPer la serie <em>Invisible Jumpers<\/em> ho scelto i luoghi degli scatti e ho fatto confezionare a mano vestiti su misura. Poi ho fatto indossare gli abiti ai modelli e li ho fotografati, dando l&#8217;impressione che si mimetizzassero con lo sfondo. Nelle mie fote fotografie ci sono veri vestiti a maglia, non CGI.\u00bb<\/p>\n<div class=\"rgg-container\" data-rgg-id=\"7\">    <div class=\"rgg-imagegrid captions-overlay-hover-show captions-effect-slide_up \" data-rgg-id=\"7\">\n                    <a href=\"https:\/\/www.urbanphotoawards.com\/wp-content\/uploads\/2022\/01\/Joseph-Ford-Invisible-Jumpers-_P_08.jpg\" data-rel=\"rgglightbox-gallery-6\" rel=\"rgg\"  class=\"rgg-disabled size-medium rgg-img rl-gallery-link\"  data-src=\"https:\/\/www.urbanphotoawards.com\/wp-content\/uploads\/2022\/01\/Joseph-Ford-Invisible-Jumpers-_P_08-300x222.jpg\" data-ratio=\"1.3513513513514\" data-height=\"222\" data-width=\"300\" aria-label=\"\" title=\"\" data-rl_title=\"\" data-rl_caption=\"\">\n                <span class=\"rgg-caption-container\"><span class=\"rgg-caption\"><span class=\"rgg-inner-caption\">Joseph Ford<\/span><\/span><\/span>            <\/a>\n                    <a href=\"https:\/\/www.urbanphotoawards.com\/wp-content\/uploads\/2022\/01\/Joseph-Ford-Invisible-Jumpers-_P_07.jpg\" data-rel=\"rgglightbox-gallery-6\" rel=\"rgg\"  class=\"rgg-disabled size-medium rgg-img rl-gallery-link\"  data-src=\"https:\/\/www.urbanphotoawards.com\/wp-content\/uploads\/2022\/01\/Joseph-Ford-Invisible-Jumpers-_P_07-300x203.jpg\" data-ratio=\"1.4778325123153\" data-height=\"203\" data-width=\"300\" aria-label=\"\" title=\"\" data-rl_title=\"\" data-rl_caption=\"\">\n                <span class=\"rgg-caption-container\"><span class=\"rgg-caption\"><span class=\"rgg-inner-caption\">Joseph Ford<\/span><\/span><\/span>            <\/a>\n                    <a href=\"https:\/\/www.urbanphotoawards.com\/wp-content\/uploads\/2022\/01\/Joseph-Ford-Invisible-Jumpers-_P_03.jpg\" data-rel=\"rgglightbox-gallery-6\" rel=\"rgg\"  class=\"rgg-disabled size-medium rgg-img rl-gallery-link\"  data-src=\"https:\/\/www.urbanphotoawards.com\/wp-content\/uploads\/2022\/01\/Joseph-Ford-Invisible-Jumpers-_P_03-300x225.jpg\" data-ratio=\"1.3333333333333\" data-height=\"225\" data-width=\"300\" aria-label=\"\" title=\"\" data-rl_title=\"\" data-rl_caption=\"\">\n                <span class=\"rgg-caption-container\"><span class=\"rgg-caption\"><span class=\"rgg-inner-caption\">Joseph Ford - Invisible Jumpers <\/span><\/span><\/span>            <\/a>\n                    <a href=\"https:\/\/www.urbanphotoawards.com\/wp-content\/uploads\/2022\/01\/Joseph-Ford-Invisible-Jumpers-_P_02.jpg\" data-rel=\"rgglightbox-gallery-6\" rel=\"rgg\"  class=\"rgg-disabled size-medium rgg-img rl-gallery-link\"  data-src=\"https:\/\/www.urbanphotoawards.com\/wp-content\/uploads\/2022\/01\/Joseph-Ford-Invisible-Jumpers-_P_02-300x225.jpg\" data-ratio=\"1.3333333333333\" data-height=\"225\" data-width=\"300\" aria-label=\"\" title=\"\" data-rl_title=\"\" data-rl_caption=\"\">\n                <span class=\"rgg-caption-container\"><span class=\"rgg-caption\"><span class=\"rgg-inner-caption\">Joseph Ford<\/span><\/span><\/span>            <\/a>\n            <\/div>\n<\/div>\n<hr \/>\n<h3><strong>Mauro De Bettio &#8211; <em>Lives In Balance<\/em><\/strong><\/h3>\n<p>\u00abIndossando i loro preziosi abiti dai colori sgargianti, i bambini ballano nel labirinto di stretti vicoli tra le baracche di Kibera, la pi\u00f9 grande baraccopoli dell&#8217;Africa, a Nairobi. La danza rappresenta una delle opportunit\u00e0 per realizzare i sogni dei bambini, grazie alla comunit\u00e0 del progetto Elimu.\u00bb<\/p>\n<div class=\"rgg-container\" data-rgg-id=\"8\">    <div class=\"rgg-imagegrid captions-overlay-hover-show captions-effect-slide_up \" data-rgg-id=\"8\">\n                    <a href=\"https:\/\/www.urbanphotoawards.com\/wp-content\/uploads\/2022\/01\/Mauro-De-Bettio-Lives-In-Balance-_P_04.jpg\" data-rel=\"rgglightbox-gallery-7\" rel=\"rgg\"  class=\"rgg-disabled size-medium rgg-img rl-gallery-link\"  data-src=\"https:\/\/www.urbanphotoawards.com\/wp-content\/uploads\/2022\/01\/Mauro-De-Bettio-Lives-In-Balance-_P_04-300x200.jpg\" data-ratio=\"1.5\" data-height=\"200\" data-width=\"300\" aria-label=\"\" title=\"\" data-rl_title=\"\" data-rl_caption=\"\">\n                <span class=\"rgg-caption-container\"><span class=\"rgg-caption\"><span class=\"rgg-inner-caption\">Mauro De Bettio<\/span><\/span><\/span>            <\/a>\n                    <a href=\"https:\/\/www.urbanphotoawards.com\/wp-content\/uploads\/2022\/01\/Mauro-De-Bettio-Lives-In-Balance-_P_05.jpg\" data-rel=\"rgglightbox-gallery-7\" rel=\"rgg\"  class=\"rgg-disabled size-medium rgg-img rl-gallery-link\"  data-src=\"https:\/\/www.urbanphotoawards.com\/wp-content\/uploads\/2022\/01\/Mauro-De-Bettio-Lives-In-Balance-_P_05-300x200.jpg\" data-ratio=\"1.5\" data-height=\"200\" data-width=\"300\" aria-label=\"\" title=\"\" data-rl_title=\"\" data-rl_caption=\"\">\n                <span class=\"rgg-caption-container\"><span class=\"rgg-caption\"><span class=\"rgg-inner-caption\">Mauro De Bettio<\/span><\/span><\/span>            <\/a>\n                    <a href=\"https:\/\/www.urbanphotoawards.com\/wp-content\/uploads\/2022\/01\/Mauro-De-Bettio-Lives-In-Balance-_P_08.jpg\" data-rel=\"rgglightbox-gallery-7\" rel=\"rgg\"  class=\"rgg-disabled size-medium rgg-img rl-gallery-link\"  data-src=\"https:\/\/www.urbanphotoawards.com\/wp-content\/uploads\/2022\/01\/Mauro-De-Bettio-Lives-In-Balance-_P_08-300x200.jpg\" data-ratio=\"1.5\" data-height=\"200\" data-width=\"300\" aria-label=\"\" title=\"\" data-rl_title=\"\" data-rl_caption=\"\">\n                <span class=\"rgg-caption-container\"><span class=\"rgg-caption\"><span class=\"rgg-inner-caption\">Mauro De Bettio<\/span><\/span><\/span>            <\/a>\n                    <a href=\"https:\/\/www.urbanphotoawards.com\/wp-content\/uploads\/2022\/01\/Mauro-De-Bettio-Lives-In-Balance-_P_11.jpg\" data-rel=\"rgglightbox-gallery-7\" rel=\"rgg\"  class=\"rgg-disabled size-medium rgg-img rl-gallery-link\"  data-src=\"https:\/\/www.urbanphotoawards.com\/wp-content\/uploads\/2022\/01\/Mauro-De-Bettio-Lives-In-Balance-_P_11-300x200.jpg\" data-ratio=\"1.5\" data-height=\"200\" data-width=\"300\" aria-label=\"\" title=\"\" data-rl_title=\"\" data-rl_caption=\"\">\n                <span class=\"rgg-caption-container\"><span class=\"rgg-caption\"><span class=\"rgg-inner-caption\">Mauro De Bettio<\/span><\/span><\/span>            <\/a>\n            <\/div>\n<\/div>\n<p>&nbsp;","protected":false},"excerpt":{"rendered":"<p>Per il quarto anno di fila, la collaborazione tra URBAN Photo Awards e il Servizio Musei e Biblioteche del Comune di Trieste dar\u00e0 vita a una prestigiosa mostra-premio al Civico Museo Museo Sartorio per quattro progetti finalisti all&#8217;edizione 2021 del contest. I progetti in mostra [&hellip;]<\/p>\n","protected":false},"author":1,"featured_media":20188,"comment_status":"closed","ping_status":"open","sticky":false,"template":"","format":"standard","meta":[],"categories":[6],"tags":[],"acf":[],"_links":{"self":[{"href":"https:\/\/www.urbanphotoawards.com\/it\/wp-json\/wp\/v2\/posts\/20174"}],"collection":[{"href":"https:\/\/www.urbanphotoawards.com\/it\/wp-json\/wp\/v2\/posts"}],"about":[{"href":"https:\/\/www.urbanphotoawards.com\/it\/wp-json\/wp\/v2\/types\/post"}],"author":[{"embeddable":true,"href":"https:\/\/www.urbanphotoawards.com\/it\/wp-json\/wp\/v2\/users\/1"}],"replies":[{"embeddable":true,"href":"https:\/\/www.urbanphotoawards.com\/it\/wp-json\/wp\/v2\/comments?post=20174"}],"version-history":[{"count":2,"href":"https:\/\/www.urbanphotoawards.com\/it\/wp-json\/wp\/v2\/posts\/20174\/revisions"}],"predecessor-version":[{"id":20192,"href":"https:\/\/www.urbanphotoawards.com\/it\/wp-json\/wp\/v2\/posts\/20174\/revisions\/20192"}],"wp:featuredmedia":[{"embeddable":true,"href":"https:\/\/www.urbanphotoawards.com\/it\/wp-json\/wp\/v2\/media\/20188"}],"wp:attachment":[{"href":"https:\/\/www.urbanphotoawards.com\/it\/wp-json\/wp\/v2\/media?parent=20174"}],"wp:term":[{"taxonomy":"category","embeddable":true,"href":"https:\/\/www.urbanphotoawards.com\/it\/wp-json\/wp\/v2\/categories?post=20174"},{"taxonomy":"post_tag","embeddable":true,"href":"https:\/\/www.urbanphotoawards.com\/it\/wp-json\/wp\/v2\/tags?post=20174"}],"curies":[{"name":"wp","href":"https:\/\/api.w.org\/{rel}","templated":true}]}}