{"id":19675,"date":"2021-04-27T17:01:19","date_gmt":"2021-04-27T15:01:19","guid":{"rendered":"http:\/\/www.urbanphotoawards.com\/?p=19675"},"modified":"2021-04-27T17:01:19","modified_gmt":"2021-04-27T15:01:19","slug":"paolo-pellegrin","status":"publish","type":"post","link":"https:\/\/www.urbanphotoawards.com\/it\/paolo-pellegrin\/","title":{"rendered":"Paolo Pellegrin"},"content":{"rendered":"Paolo Pellegrin \u00e8 nato a Roma nel 1964. Prima di studiare fotografia all&#8217;Istituto Italiano di Fotografia, ha studiato architettura all&#8217;Universit\u00e0 la Sapienza. Tra il 1991 e il 2001 Pellegrin \u00e8 stato rappresentato dall&#8217;Agence VU di Parigi.<br \/>\nNel 2001 \u00e8 diventato un candidato per l\u2019agenzia Magnum Photos, di cui diventa membro a pieno titolo nel 2005. \u00c8 stato fotografo a contratto per Newsweek per dieci anni.<br \/>\nPellegrin ha vinto numerosi premi, inclusi undici premi World Press Photo e numerosi premi POY, una Leica Medal of Excellence, un Olivier Rebbot Award, l&#8217;Hansel-Meith Preis, il Dr. Erich Salomon Award e la Robert Capa Gold Medal Award. Nel 2006 gli \u00e8 stato assegnato il W. Eugene Smith Grant in Humanistic Photography.<br \/>\nIn trent&#8217;anni di lavoro si \u00e8 concentrato sui temi legati alla condizione umana, dalle guerre agli effetti del cambiamento climatico globale, cercando di essere un testimone per i nostri tempi.<br \/>\nVive a Londra.<br \/>\nTra i suoi libri: include <em>Alps \u2013 Aosta Valley<\/em> (Forte di Bard editore, Italy, 2019); <em>Paolo Pellegrin<\/em>, curato da Germano Celant (Silvana Editoriale, Italy, 2018), <em>Terre Spezzate<\/em> (Contrasto, Italy, 2016); <em>100 Photos of Paolo Pellegrin<\/em> for Press Freedom (Reporters Sans Fronti\u00e8res, France, 2013); <em>Paolo Pellegrin<\/em> (Kunstfoyer der Versicherungskammer Bayern, Germany, 2012); <em>Dies Irae<\/em> (Contrasto, Italy, 2011); <em>Photo Poche<\/em> (Actes Sud, France, 2010); <em>As I Was Dying<\/em> (Actes Sud, France, 2007); <em>Double Blind<\/em> (Trolley, UK, 2007); <em>Kosovo <\/em>1999-2000: <em>The Flight of Reason<\/em> (Trolley, UK, 2002); <em>L&#8217;au-del\u00e0 est l\u00e0<\/em> (Le Point du Jour, France, 2001); <em>Cambogia<\/em> (Federico Motta Editore, Italy, 1998), <em>Bambini<\/em> (Sinnos, Italy, 1997).<\/p>\n<p><a href=\"https:\/\/www.magnumphotos.com\/photographer\/paolo-pellegrin\/\" target=\"_blank\" rel=\"noopener nofollow\"><strong>www.magnumphotos.com\/photographer\/paolo-pellegrin<\/strong><\/a><\/p>\n<p><strong>Mostre personali<br \/>\n<\/strong><\/p>\n<ul>\n<li>2020 &#8211; Paolo Pellegrin. Un\u2019antologia. Reggia di Venaria, Venaria Reale, Turin, Italy<\/li>\n<li>2019 &#8211; Paolo Pellegrin. Un\u2019antologia. Deichtorhallen, Hamburg, Germany<\/li>\n<li>2018 &#8211; Paolo Pellegrin. Un\u2019antologia. MAXXI &#8211; Museo nazionale delle arti del XXI secolo, Rome, Italy<\/li>\n<li>2016 &#8211; Another Country. Fotografia Europea, Reggio Emila, Italy.<\/li>\n<li>2016 &#8211; Great Performers. F11 Photographic Museum, Hong Kong.<\/li>\n<li>2015 &#8211; Another Country. Leica Galerie. Milan, Italy<\/li>\n<li>2015 &#8211; Sevla. Fotografia &#8211; Festival Internazionale di Roma. Macro, Rome, Italy<\/li>\n<li>2015 &#8211; Hafen. Flo Peters Gallery. Hamburg, Germany<\/li>\n<li>2014 &#8211; Gaza Portraits. Perspektivet Museum. Tromso, Norway<\/li>\n<li>2014 &#8211; As I was Dying. Photobastei. Zu\u0308rich, Switzerland<\/li>\n<li>2013 &#8211; Another Country. Fotografia &#8211; Festival Internazionale di Roma. Macro, Rome, Italy<\/li>\n<li>2012 &#8211; As I was Dying. Sta\u0308dtische Galerie, Iserlohn, Germany<\/li>\n<li>2012 &#8211; Paolo Pellegrin. Magnum Gallery, Paris, France<\/li>\n<li>2012 &#8211; Paolo Pellegrin. Galerie Italienne, Paris, France<\/li>\n<li>2011 &#8211; Paolo Pellegrin Retrospective. Kunstfoyer der Versicherungskammer Bayern, Munich, Germany<\/li>\n<li>2012 &#8211; Dies Irae. Maison de La Photographie, Paris, France<\/li>\n<li>2011 &#8211; Paolo Pellegrin. Spazio Forma. Centro Internazionale di Fotografia, Milan, Italy<\/li>\n<li>2011 &#8211; As I Was Dying. Palacij Ljublijankega Gradu, Ljubljana, Slovenia<\/li>\n<li>2010 &#8211; Paolo Pellegrin. Galerie de l\u2019Instant, Paris, France<\/li>\n<li>2010 &#8211; Retrospective. Galerie Fait et Cause, Paris, France<\/li>\n<li>2009 &#8211; Black Mountains. Reportage Atri Festival, Italy<\/li>\n<li>2008 &#8211; As I Was Dying. Western Australian Maritime Museum, Perth, Australia<\/li>\n<li>2008 &#8211; Iraqi Diaspora. Visa pour l\u2019Image, Perpignan, France<\/li>\n<li>2008 &#8211; Paolo Pellegrin. Bonni Benrubi Gallery, New York City, NY, USA<\/li>\n<li>2008 &#8211; As I was Dying. Zephyr Weltkulturen Museum, Mannheim, Germany<\/li>\n<li>2008 &#8211; As I was Dying. Magnum Gallery. Paris, France<\/li>\n<li>2008 &#8211; As I was Dying. Rencontres d\u2019Arles, Arles, France<\/li>\n<li>2008 &#8211; Nero Avorio. Casa della Confraternita, Udine, Italy<\/li>\n<li>2008 &#8211; As I Was Dying. Leica Galerie, Solms, Germany<\/li>\n<li>2008 &#8211; Double Blind. Fovea exhibitions. New York City, NY, USA<\/li>\n<li>2007 &#8211; Double Blind. CVZ Contemporary, New York City, NY, USA<\/li>\n<li>2007 &#8211; Darfur. Holocaust Museum, Berlin, Germany<\/li>\n<li>2007 &#8211; Broken Landscape. Museo di Roma in Trastevere, Italy<\/li>\n<li>2006 &#8211; Traces. Galleria Santa Cecilia. Rome, Italy<\/li>\n<li>2006 &#8211; Traces of War. Malmo Museer, Sweden<\/li>\n<li>2005 &#8211; The War of Desires. House of Photography, Moscow, Russia<\/li>\n<li>2004 &#8211; Israel and Palestine. Bildens Hus Fotomuseet, Sundsvall, Sweden<\/li>\n<li>2002 &#8211; Traces of War. Mercati di Traiano, Festival Internazionale di Roma, Rome, Italy<\/li>\n<li>2002 &#8211; Traces of War. Hasselblad Center, Goteborg, Sweden<\/li>\n<li>2001 &#8211; Paolo Pellegrin. Leica Gallery, New York City, NY, USA<\/li>\n<li>2001 &#8211; Kosovo 1999-2000. Parson School of Design, New York City, NY, USA<\/li>\n<li>2000 &#8211; Kukes. War in Kosovo, Swedish Parliament, Stockholm, Sweden<\/li>\n<li>1999 &#8211; Cambogia. Convento S Chiara Napoli, Italy<\/li>\n<li>1999 &#8211; Bosnia. The Heritage of War. Chiesa di Santa Monaca, Firenze, Italy<\/li>\n<li>1999 &#8211; Cambodia. Visa pour l\u2019Image, Perpignan, France<\/li>\n<li>1998 &#8211; Cambodia. Galleria Sozzani, Milano, Italy<\/li>\n<li>1997 &#8211; AIDS in Uganda. EFTI, Centro de Imagen, Madrid, Spain 1997 &#8211; Bosnia. Palazzo Renzo, Bologna, Italy<\/li>\n<li>1993 &#8211; The Homeless. Visa pour l\u2019Image, Perpignan, France<\/li>\n<li>1996 &#8211; AIDS in Uganda. Visa pour l\u2019Image, Perpignan, France<\/li>\n<li>1997 &#8211; Emergency. Galleria Grazia Neri, Milano, Italy<\/li>\n<\/ul>\n<p><strong>Mostre collettive<br \/>\n<\/strong><\/p>\n<ul>\n<li>2019 &#8211; Romanias. National Museum of Art of Romania, Bucarest, Romania<\/li>\n<li>2019 &#8211; Mountains by Magnum Photographers. Forte di Bard, Bard, Aosta Valley, Italy<\/li>\n<li>2016 &#8211; Desperate Crossing. Istituto Italiano di cultura New York. New York City, NY, USA<\/li>\n<li>2015 &#8211; Speak Truth to Power. Kunst(Zeug)Haus. Rapperswil-Jona, Switzerland<\/li>\n<li>2015 &#8211; Congo. Magasin Electrique &#8211; Rencontres d\u2019Arles 2015. Arles, France.<\/li>\n<li>2015 &#8211; Terres de\u0301vaste\u0301es. Festival Photo Peuples et Nature de La Gacilly. La Gacilly, Morbihan, France<\/li>\n<li>2015 &#8211; A occhi aperti. AuditoriumExpo &#8211; Auditorium Parco della Musica di Roma. Rome, Italy<\/li>\n<li>2014 &#8211; Congo. Atelier Richelieu, Paris, France<\/li>\n<li>2013 &#8211; Deutschlandreise. ZEPHYR &#8211; Raum fu\u0308r Fotografie in Mannheim. Mannheim, Germany<\/li>\n<li>2010 &#8211; Disquieting Images. Triennale di Milano, Milan, Italy<\/li>\n<li>2010 &#8211; Magnum. Shifting Media. New Role of Photography. C\/O Berlin, Germany<\/li>\n<li>2010 &#8211; Haiti Earthquake. Reportage Atri Festival, Atri, Italy<\/li>\n<li>2009 &#8211; Georgian Spring. Magnum Photos traveling exhibition: Uferallen, Berlin Germany; Teatro Circo Price, Madrid, Spain; Palais de Tokyo, Paris, France.<\/li>\n<li>2008 &#8211; Access to Life. Corcoran Museum, Washington D.C., USA<\/li>\n<li>2008 &#8211; Disposable People. Hayward Gallery, London, UK<\/li>\n<li>2007 &#8211; Darfur\/Darfur &#8211; George Eastman House International Museum of Photography and Film, Rochester, NY, USA<\/li>\n<li>2007 &#8211; Altri mondi, FotoGrafia. Festival Internazionale di Roma. Rome, Italy<\/li>\n<li>2007 &#8211; Berlin 1946 &#8211; 2006 &#8211; Camera Work AG, Berlin, Germany<\/li>\n<li>2007 &#8211; Vor den Augen der Welt. Ju\u0308disches Museum Berlin, Germany<\/li>\n<li>2007 &#8211; Degrees of Separation. Michael Mazzeo Gallery. New York City, NY, USA<\/li>\n<li>2007 &#8211; Indianscope. Maison de la Photographie. Lille, France<\/li>\n<li>2007 &#8211; Euro Visions. Royal Museums of Fine Arts of Belgium, Brussels<\/li>\n<li>2006 &#8211; Off Broadway. Padiglione d\u2019Arte Contemporanea, Milan, Italy<\/li>\n<li>2006 &#8211; Katrina, An Unnatural Disaster. Noorderlicht Gallery. Groningen, Holland<\/li>\n<li>2004 &#8211; 11th Noorderlicht Photofestival 2004. Stichting Fotografie Noorderlicht. Groningen, Holland<\/li>\n<li>2003 &#8211; Confronting Views: Nine Phtographers on the Israeli-Palestinian Conflict. The Photographers\u2019 Gallery, London, UK<\/li>\n<li>2003 &#8211; Exhibitions at Dokument 03. Bildens Hus. Fotomuseet. Sundsvall, Sweden<\/li>\n<\/ul>\n<p><strong>Acquisizioni da musei e istituzioni<br \/>\n<\/strong><\/p>\n<ul>\n<li>MEP &#8211; Maison Europ\u00e9enne de la Photographie, Paris, France<\/li>\n<li>SFMOMA &#8211; San Francisco Museum of Modern Art, San Francisco, California, USA<\/li>\n<li>MFA &#8211; The Museum Of Fine Arts, Houston<\/li>\n<li>MUAC &#8211; Universidad National Autonoma De Mexico, Mexico City, Mexico<\/li>\n<li>MAM &#8211; The Milwaukee Art Museum, Milwaukee, WI, USA<\/li>\n<li>ICP &#8211; International Center of Photography, NYC, NY, USA<\/li>\n<li>Cite\u0301 nationale de l\u2019histoire de l\u2019immigration, Paris, France<\/li>\n<li>MAXXI &#8211; Museo nazionale delle arti del XXI secolo di Roma, Rome, Italy<\/li>\n<li>Deutsche Bo\u0308rse Photography Foundation, Eschborn, Germany<\/li>\n<\/ul>\n\n&nbsp;<\/p>\n<p>&nbsp;<\/p>\n<p>&nbsp;<\/p>\n<p>&nbsp;<\/p>\n<p>&nbsp;<\/p>\n<p>&nbsp;<\/p>\n<p>&nbsp;<\/p>\n<p>&nbsp;","protected":false},"excerpt":{"rendered":"<p>Paolo Pellegrin \u00e8 nato a Roma nel 1964. Prima di studiare fotografia all&#8217;Istituto Italiano di Fotografia, ha studiato architettura all&#8217;Universit\u00e0 la Sapienza. Tra il 1991 e il 2001 Pellegrin \u00e8 stato rappresentato dall&#8217;Agence VU di Parigi. Nel 2001 \u00e8 diventato un candidato per l\u2019agenzia Magnum [&hellip;]<\/p>\n","protected":false},"author":1,"featured_media":19673,"comment_status":"closed","ping_status":"open","sticky":false,"template":"","format":"standard","meta":[],"categories":[126,325],"tags":[],"acf":[],"_links":{"self":[{"href":"https:\/\/www.urbanphotoawards.com\/it\/wp-json\/wp\/v2\/posts\/19675"}],"collection":[{"href":"https:\/\/www.urbanphotoawards.com\/it\/wp-json\/wp\/v2\/posts"}],"about":[{"href":"https:\/\/www.urbanphotoawards.com\/it\/wp-json\/wp\/v2\/types\/post"}],"author":[{"embeddable":true,"href":"https:\/\/www.urbanphotoawards.com\/it\/wp-json\/wp\/v2\/users\/1"}],"replies":[{"embeddable":true,"href":"https:\/\/www.urbanphotoawards.com\/it\/wp-json\/wp\/v2\/comments?post=19675"}],"version-history":[{"count":1,"href":"https:\/\/www.urbanphotoawards.com\/it\/wp-json\/wp\/v2\/posts\/19675\/revisions"}],"predecessor-version":[{"id":19676,"href":"https:\/\/www.urbanphotoawards.com\/it\/wp-json\/wp\/v2\/posts\/19675\/revisions\/19676"}],"wp:featuredmedia":[{"embeddable":true,"href":"https:\/\/www.urbanphotoawards.com\/it\/wp-json\/wp\/v2\/media\/19673"}],"wp:attachment":[{"href":"https:\/\/www.urbanphotoawards.com\/it\/wp-json\/wp\/v2\/media?parent=19675"}],"wp:term":[{"taxonomy":"category","embeddable":true,"href":"https:\/\/www.urbanphotoawards.com\/it\/wp-json\/wp\/v2\/categories?post=19675"},{"taxonomy":"post_tag","embeddable":true,"href":"https:\/\/www.urbanphotoawards.com\/it\/wp-json\/wp\/v2\/tags?post=19675"}],"curies":[{"name":"wp","href":"https:\/\/api.w.org\/{rel}","templated":true}]}}