{"id":11704,"date":"2019-09-20T11:51:23","date_gmt":"2019-09-20T09:51:23","guid":{"rendered":"http:\/\/www.urbanphotoawards.com\/?p=11704"},"modified":"2019-09-23T12:48:46","modified_gmt":"2019-09-23T10:48:46","slug":"four-projects-from-urban-2019-photo-awards-displayed-at-the-sartorio-museum-in-trieste-italy","status":"publish","type":"post","link":"https:\/\/www.urbanphotoawards.com\/it\/four-projects-from-urban-2019-photo-awards-displayed-at-the-sartorio-museum-in-trieste-italy\/","title":{"rendered":"Quattro portfolio classificati a URBAN 2019 in mostra al Museo Sartorio"},"content":{"rendered":"Sono ben quattro i portfolio di <strong>URBAN 2019 Photo Awards<\/strong> ad aggiudicarsi il prestigioso premio <strong>\u201cMusei di Trieste\u201d<\/strong> e la relativa mostra presso il <strong>Civico Museo Sartorio di Trieste<\/strong>, che si terr\u00e0 <strong>dal 25 ottobre 2019 al 6 gennaio 2020<\/strong> nell\u2019ambito del festival <strong>Trieste Photo Days<\/strong>.<\/p>\n<p>Ecco i progetti, selezionati tra gli oltre 50 portfolio Semifinalisti da <strong>Laura Carlini Fanfogna<\/strong>, direttrice dei Civici Musei di Storia e Arte del Comune di Trieste e da <strong>Claudia Colecchia<\/strong>, responsabile della Fototeca e delle Biblioteche dei Civici Musei del Comune di Trieste.<\/p>\n<hr \/>\n<h2><strong><em>Abandoned Art In Decay<\/em> &#8211; Roman Robroek (Paesi Bassi)<\/strong><\/h2>\n<p>Un progetto focalizzato sull&#8217;\u201carte abbandonata\u201d in Italia: edifici in rovina ma ancora ricchi di bellezza decadente, impreziositi da affreschi, sculture o finiture che li rendono vere e proprie opere d&#8217;arte.<\/p>\n<div class=\"rgg-container\" data-rgg-id=\"5\">    <div class=\"rgg-imagegrid captions-overlay-hover-show captions-effect-slide_up \" data-rgg-id=\"5\">\n                    <a href=\"https:\/\/www.urbanphotoawards.com\/wp-content\/uploads\/2019\/09\/Roman-Robroek-Abandoned-Art-In-Decay-_-PORT_01.jpg\" data-rel=\"rgglightbox-gallery-4\" rel=\"rgg\"  class=\"rgg-disabled size-medium rgg-img rl-gallery-link\"  data-src=\"https:\/\/www.urbanphotoawards.com\/wp-content\/uploads\/2019\/09\/Roman-Robroek-Abandoned-Art-In-Decay-_-PORT_01-300x200.jpg\" data-ratio=\"1.5\" data-height=\"200\" data-width=\"300\" aria-label=\"\" title=\"\" data-rl_title=\"\" data-rl_caption=\"\">\n                <span class=\"rgg-caption-container\"><span class=\"rgg-caption\"><span class=\"rgg-inner-caption\">Roman Robroek<\/span><\/span><\/span>            <\/a>\n                    <a href=\"https:\/\/www.urbanphotoawards.com\/wp-content\/uploads\/2019\/09\/Roman-Robroek-Abandoned-Art-In-Decay-_-PORT_02.jpg\" data-rel=\"rgglightbox-gallery-4\" rel=\"rgg\"  class=\"rgg-disabled size-medium rgg-img rl-gallery-link\"  data-src=\"https:\/\/www.urbanphotoawards.com\/wp-content\/uploads\/2019\/09\/Roman-Robroek-Abandoned-Art-In-Decay-_-PORT_02-300x200.jpg\" data-ratio=\"1.5\" data-height=\"200\" data-width=\"300\" aria-label=\"\" title=\"\" data-rl_title=\"\" data-rl_caption=\"\">\n                <span class=\"rgg-caption-container\"><span class=\"rgg-caption\"><span class=\"rgg-inner-caption\">Roman Robroek<\/span><\/span><\/span>            <\/a>\n                    <a href=\"https:\/\/www.urbanphotoawards.com\/wp-content\/uploads\/2019\/09\/Roman-Robroek-Abandoned-Art-In-Decay-_-PORT_03.jpg\" data-rel=\"rgglightbox-gallery-4\" rel=\"rgg\"  class=\"rgg-disabled size-medium rgg-img rl-gallery-link\"  data-src=\"https:\/\/www.urbanphotoawards.com\/wp-content\/uploads\/2019\/09\/Roman-Robroek-Abandoned-Art-In-Decay-_-PORT_03-300x200.jpg\" data-ratio=\"1.5\" data-height=\"200\" data-width=\"300\" aria-label=\"\" title=\"\" data-rl_title=\"\" data-rl_caption=\"\">\n                <span class=\"rgg-caption-container\"><span class=\"rgg-caption\"><span class=\"rgg-inner-caption\">Roman Robroek<\/span><\/span><\/span>            <\/a>\n                    <a href=\"https:\/\/www.urbanphotoawards.com\/wp-content\/uploads\/2019\/09\/Roman-Robroek-Abandoned-Art-In-Decay-_-PORT_08.jpg\" data-rel=\"rgglightbox-gallery-4\" rel=\"rgg\"  class=\"rgg-disabled size-medium rgg-img rl-gallery-link\"  data-src=\"https:\/\/www.urbanphotoawards.com\/wp-content\/uploads\/2019\/09\/Roman-Robroek-Abandoned-Art-In-Decay-_-PORT_08-300x200.jpg\" data-ratio=\"1.5\" data-height=\"200\" data-width=\"300\" aria-label=\"\" title=\"\" data-rl_title=\"\" data-rl_caption=\"\">\n                <span class=\"rgg-caption-container\"><span class=\"rgg-caption\"><span class=\"rgg-inner-caption\">Roman Robroek<\/span><\/span><\/span>            <\/a>\n            <\/div>\n<\/div>\n<hr \/>\n<h2><strong><em>Silent Screams Of Oblivion<\/em> &#8211; Francis Meslet (Francia)<\/strong><\/h2>\n<p>Una serie di archeologia industriale in cui rivivere la curiosit\u00e0 di un bambino che s&#8217;intrufola in una fabbrica abbandonata e resta stupito dagli odori, i colori, la luce.<\/p>\n<div class=\"rgg-container\" data-rgg-id=\"6\">    <div class=\"rgg-imagegrid captions-overlay-hover-show captions-effect-slide_up \" data-rgg-id=\"6\">\n                    <a href=\"https:\/\/www.urbanphotoawards.com\/wp-content\/uploads\/2019\/09\/15-_-PORT-_-Francis-Meslet-Silent-Screams-Of-Oblivion_12.jpg\" data-rel=\"rgglightbox-gallery-5\" rel=\"rgg\"  class=\"rgg-disabled size-medium rgg-img rl-gallery-link\"  data-src=\"https:\/\/www.urbanphotoawards.com\/wp-content\/uploads\/2019\/09\/15-_-PORT-_-Francis-Meslet-Silent-Screams-Of-Oblivion_12-300x200.jpg\" data-ratio=\"1.5\" data-height=\"200\" data-width=\"300\" aria-label=\"\" title=\"\" data-rl_title=\"\" data-rl_caption=\"\">\n                <span class=\"rgg-caption-container\"><span class=\"rgg-caption\"><span class=\"rgg-inner-caption\">Francis Meslet<\/span><\/span><\/span>            <\/a>\n                    <a href=\"https:\/\/www.urbanphotoawards.com\/wp-content\/uploads\/2019\/09\/15-_-PORT-_-Francis-Meslet-Silent-Screams-Of-Oblivion_05.jpg\" data-rel=\"rgglightbox-gallery-5\" rel=\"rgg\"  class=\"rgg-disabled size-medium rgg-img rl-gallery-link\"  data-src=\"https:\/\/www.urbanphotoawards.com\/wp-content\/uploads\/2019\/09\/15-_-PORT-_-Francis-Meslet-Silent-Screams-Of-Oblivion_05-300x200.jpg\" data-ratio=\"1.5\" data-height=\"200\" data-width=\"300\" aria-label=\"\" title=\"\" data-rl_title=\"\" data-rl_caption=\"\">\n                <span class=\"rgg-caption-container\"><span class=\"rgg-caption\"><span class=\"rgg-inner-caption\">Francis Meslet<\/span><\/span><\/span>            <\/a>\n                    <a href=\"https:\/\/www.urbanphotoawards.com\/wp-content\/uploads\/2019\/09\/15-_-PORT-_-Francis-Meslet-Silent-Screams-Of-Oblivion_04.jpg\" data-rel=\"rgglightbox-gallery-5\" rel=\"rgg\"  class=\"rgg-disabled size-medium rgg-img rl-gallery-link\"  data-src=\"https:\/\/www.urbanphotoawards.com\/wp-content\/uploads\/2019\/09\/15-_-PORT-_-Francis-Meslet-Silent-Screams-Of-Oblivion_04-300x200.jpg\" data-ratio=\"1.5\" data-height=\"200\" data-width=\"300\" aria-label=\"\" title=\"\" data-rl_title=\"\" data-rl_caption=\"\">\n                <span class=\"rgg-caption-container\"><span class=\"rgg-caption\"><span class=\"rgg-inner-caption\">Francis Meslet<\/span><\/span><\/span>            <\/a>\n                    <a href=\"https:\/\/www.urbanphotoawards.com\/wp-content\/uploads\/2019\/09\/15-_-PORT-_-Francis-Meslet-Silent-Screams-Of-Oblivion_09.jpg\" data-rel=\"rgglightbox-gallery-5\" rel=\"rgg\"  class=\"rgg-disabled size-medium rgg-img rl-gallery-link\"  data-src=\"https:\/\/www.urbanphotoawards.com\/wp-content\/uploads\/2019\/09\/15-_-PORT-_-Francis-Meslet-Silent-Screams-Of-Oblivion_09-300x200.jpg\" data-ratio=\"1.5\" data-height=\"200\" data-width=\"300\" aria-label=\"\" title=\"\" data-rl_title=\"\" data-rl_caption=\"\">\n                <span class=\"rgg-caption-container\"><span class=\"rgg-caption\"><span class=\"rgg-inner-caption\">Francis Meslet<\/span><\/span><\/span>            <\/a>\n            <\/div>\n<\/div>\n<hr \/>\n<h2><strong><em>Ai Piedi Dei Grattacieli<\/em> &#8211; Michele Andreossi (Italia)<\/strong><\/h2>\n<p>Dubai, controversa metropoli in continua evoluzione che divora il deserto che la circonda metro per metro con i suoi denti d\u2019acciaio e cemento, quasi a voler cancellare per sempre ci\u00f2 che era.<\/p>\n<div class=\"rgg-container\" data-rgg-id=\"7\">    <div class=\"rgg-imagegrid captions-overlay-hover-show captions-effect-slide_up \" data-rgg-id=\"7\">\n                    <a href=\"https:\/\/www.urbanphotoawards.com\/wp-content\/uploads\/2019\/09\/04-_-PORT-_-Michele-Andreossi-Ai-Piedi-Dei-Grattacieli_01.jpg\" data-rel=\"rgglightbox-gallery-6\" rel=\"rgg\"  class=\"rgg-disabled size-medium rgg-img rl-gallery-link\"  data-src=\"https:\/\/www.urbanphotoawards.com\/wp-content\/uploads\/2019\/09\/04-_-PORT-_-Michele-Andreossi-Ai-Piedi-Dei-Grattacieli_01-300x200.jpg\" data-ratio=\"1.5\" data-height=\"200\" data-width=\"300\" aria-label=\"\" title=\"\" data-rl_title=\"\" data-rl_caption=\"\">\n                <span class=\"rgg-caption-container\"><span class=\"rgg-caption\"><span class=\"rgg-inner-caption\">Michele Andreossi <\/span><\/span><\/span>            <\/a>\n                    <a href=\"https:\/\/www.urbanphotoawards.com\/wp-content\/uploads\/2019\/09\/04-_-PORT-_-Michele-Andreossi-Ai-Piedi-Dei-Grattacieli_03.jpg\" data-rel=\"rgglightbox-gallery-6\" rel=\"rgg\"  class=\"rgg-disabled size-medium rgg-img rl-gallery-link\"  data-src=\"https:\/\/www.urbanphotoawards.com\/wp-content\/uploads\/2019\/09\/04-_-PORT-_-Michele-Andreossi-Ai-Piedi-Dei-Grattacieli_03-300x200.jpg\" data-ratio=\"1.5\" data-height=\"200\" data-width=\"300\" aria-label=\"\" title=\"\" data-rl_title=\"\" data-rl_caption=\"\">\n                <span class=\"rgg-caption-container\"><span class=\"rgg-caption\"><span class=\"rgg-inner-caption\">Michele Andreossi <\/span><\/span><\/span>            <\/a>\n                    <a href=\"https:\/\/www.urbanphotoawards.com\/wp-content\/uploads\/2019\/09\/04-_-PORT-_-Michele-Andreossi-Ai-Piedi-Dei-Grattacieli_06.jpg\" data-rel=\"rgglightbox-gallery-6\" rel=\"rgg\"  class=\"rgg-disabled size-medium rgg-img rl-gallery-link\"  data-src=\"https:\/\/www.urbanphotoawards.com\/wp-content\/uploads\/2019\/09\/04-_-PORT-_-Michele-Andreossi-Ai-Piedi-Dei-Grattacieli_06-300x200.jpg\" data-ratio=\"1.5\" data-height=\"200\" data-width=\"300\" aria-label=\"\" title=\"\" data-rl_title=\"\" data-rl_caption=\"\">\n                <span class=\"rgg-caption-container\"><span class=\"rgg-caption\"><span class=\"rgg-inner-caption\">Michele Andreossi <\/span><\/span><\/span>            <\/a>\n                    <a href=\"https:\/\/www.urbanphotoawards.com\/wp-content\/uploads\/2019\/09\/04-_-PORT-_-Michele-Andreossi-Ai-Piedi-Dei-Grattacieli_12.jpg\" data-rel=\"rgglightbox-gallery-6\" rel=\"rgg\"  class=\"rgg-disabled size-medium rgg-img rl-gallery-link\"  data-src=\"https:\/\/www.urbanphotoawards.com\/wp-content\/uploads\/2019\/09\/04-_-PORT-_-Michele-Andreossi-Ai-Piedi-Dei-Grattacieli_12-300x200.jpg\" data-ratio=\"1.5\" data-height=\"200\" data-width=\"300\" aria-label=\"\" title=\"\" data-rl_title=\"\" data-rl_caption=\"\">\n                <span class=\"rgg-caption-container\"><span class=\"rgg-caption\"><span class=\"rgg-inner-caption\">Michele Andreossi <\/span><\/span><\/span>            <\/a>\n            <\/div>\n<\/div>\n<hr \/>\n<h2><strong><em>Tarlabasi &#8211; Behind The Scenes Of Istanbul<\/em> &#8211; Maria Pansini (Italia)<\/strong><\/h2>\n<p>Il vecchio quartiere di Tarlabasi a Istanbul, ghetto urbano per la minoranza curda, \u00e8 solo una delle tante zone che scompare dalla citt\u00e0, per lasciare spazio alla modernit\u00e0, con una furia di costruzione che giorno dopo giorno copre il tradizionale panorama sotto spessi strati di cemento.<\/p>\n<div class=\"rgg-container\" data-rgg-id=\"8\">    <div class=\"rgg-imagegrid captions-overlay-hover-show captions-effect-slide_up \" data-rgg-id=\"8\">\n                    <a href=\"https:\/\/www.urbanphotoawards.com\/wp-content\/uploads\/2019\/09\/22-_-PORT-_-Maria-Pansini-Tarlabasi-Behind-The-Scenes-Of-Istanbul_02.jpg\" data-rel=\"rgglightbox-gallery-7\" rel=\"rgg\"  class=\"rgg-disabled size-medium rgg-img rl-gallery-link\"  data-src=\"https:\/\/www.urbanphotoawards.com\/wp-content\/uploads\/2019\/09\/22-_-PORT-_-Maria-Pansini-Tarlabasi-Behind-The-Scenes-Of-Istanbul_02-300x200.jpg\" data-ratio=\"1.5\" data-height=\"200\" data-width=\"300\" aria-label=\"\" title=\"\" data-rl_title=\"\" data-rl_caption=\"\">\n                <span class=\"rgg-caption-container\"><span class=\"rgg-caption\"><span class=\"rgg-inner-caption\">Maria Pansini<\/span><\/span><\/span>            <\/a>\n                    <a href=\"https:\/\/www.urbanphotoawards.com\/wp-content\/uploads\/2019\/09\/22-_-PORT-_-Maria-Pansini-Tarlabasi-Behind-The-Scenes-Of-Istanbul_04.jpg\" data-rel=\"rgglightbox-gallery-7\" rel=\"rgg\"  class=\"rgg-disabled size-medium rgg-img rl-gallery-link\"  data-src=\"https:\/\/www.urbanphotoawards.com\/wp-content\/uploads\/2019\/09\/22-_-PORT-_-Maria-Pansini-Tarlabasi-Behind-The-Scenes-Of-Istanbul_04-300x200.jpg\" data-ratio=\"1.5\" data-height=\"200\" data-width=\"300\" aria-label=\"\" title=\"\" data-rl_title=\"\" data-rl_caption=\"\">\n                <span class=\"rgg-caption-container\"><span class=\"rgg-caption\"><span class=\"rgg-inner-caption\">Maria Pansini<\/span><\/span><\/span>            <\/a>\n                    <a href=\"https:\/\/www.urbanphotoawards.com\/wp-content\/uploads\/2019\/09\/22-_-PORT-_-Maria-Pansini-Tarlabasi-Behind-The-Scenes-Of-Istanbul_08.jpg\" data-rel=\"rgglightbox-gallery-7\" rel=\"rgg\"  class=\"rgg-disabled size-medium rgg-img rl-gallery-link\"  data-src=\"https:\/\/www.urbanphotoawards.com\/wp-content\/uploads\/2019\/09\/22-_-PORT-_-Maria-Pansini-Tarlabasi-Behind-The-Scenes-Of-Istanbul_08-300x200.jpg\" data-ratio=\"1.5\" data-height=\"200\" data-width=\"300\" aria-label=\"\" title=\"\" data-rl_title=\"\" data-rl_caption=\"\">\n                <span class=\"rgg-caption-container\"><span class=\"rgg-caption\"><span class=\"rgg-inner-caption\">Maria Pansini<\/span><\/span><\/span>            <\/a>\n                    <a href=\"https:\/\/www.urbanphotoawards.com\/wp-content\/uploads\/2019\/09\/22-_-PORT-_-Maria-Pansini-Tarlabasi-Behind-The-Scenes-Of-Istanbul_10.jpg\" data-rel=\"rgglightbox-gallery-7\" rel=\"rgg\"  class=\"rgg-disabled size-medium rgg-img rl-gallery-link\"  data-src=\"https:\/\/www.urbanphotoawards.com\/wp-content\/uploads\/2019\/09\/22-_-PORT-_-Maria-Pansini-Tarlabasi-Behind-The-Scenes-Of-Istanbul_10-300x200.jpg\" data-ratio=\"1.5\" data-height=\"200\" data-width=\"300\" aria-label=\"\" title=\"\" data-rl_title=\"\" data-rl_caption=\"\">\n                <span class=\"rgg-caption-container\"><span class=\"rgg-caption\"><span class=\"rgg-inner-caption\">Maria Pansini<\/span><\/span><\/span>            <\/a>\n            <\/div>\n<\/div>\n<hr \/>\n<p>La mostra al Museo Sartorio sar\u00e0 inaugurata <strong>venerd\u00ec 25 ottobre 2019 alle 16<\/strong>, alla presenza dei quattro autori, dell\u2019Assessore <strong>Giorgio Rossi<\/strong>, della Direttrice del Servizio Musei e Biblioteche <strong>Laura Carlini Fanfogna<\/strong>, dell\u2019art director di Trieste Photo Days <strong>Angelo Cucchetto<\/strong>, del conservatore del museo <strong>Lorenza Resciniti<\/strong> e della Responsabile della Fototeca dei Civici Musei di Storia ed Arte <strong>Claudia Colecchia<\/strong>.<\/p>\n<p>La cerimonia di premiazione si terr\u00e0 invece sabato 26 ottobre 2019 alle 20 presso la Sala Xenia, sede principale del festival.<\/p>\n<p>Questo nuovo premio, reso possibile grazie alla partnership tra URBAN e i Civici Musei di Storia ed Arte del Comune di Trieste, rappresenta un nuovo riconoscimento istituzionale per il concorso URBAN e un\u2019imperdibile occasione per i concorrenti di vedere esposte le proprie opere in una sede museale di primissimo livello.","protected":false},"excerpt":{"rendered":"<p>Sono ben quattro i portfolio di URBAN 2019 Photo Awards ad aggiudicarsi il prestigioso premio \u201cMusei di Trieste\u201d e la relativa mostra presso il Civico Museo Sartorio di Trieste, che si terr\u00e0 dal 25 ottobre 2019 al 6 gennaio 2020 nell\u2019ambito del festival Trieste Photo [&hellip;]<\/p>\n","protected":false},"author":1,"featured_media":11714,"comment_status":"closed","ping_status":"open","sticky":false,"template":"","format":"standard","meta":[],"categories":[6],"tags":[],"acf":[],"_links":{"self":[{"href":"https:\/\/www.urbanphotoawards.com\/it\/wp-json\/wp\/v2\/posts\/11704"}],"collection":[{"href":"https:\/\/www.urbanphotoawards.com\/it\/wp-json\/wp\/v2\/posts"}],"about":[{"href":"https:\/\/www.urbanphotoawards.com\/it\/wp-json\/wp\/v2\/types\/post"}],"author":[{"embeddable":true,"href":"https:\/\/www.urbanphotoawards.com\/it\/wp-json\/wp\/v2\/users\/1"}],"replies":[{"embeddable":true,"href":"https:\/\/www.urbanphotoawards.com\/it\/wp-json\/wp\/v2\/comments?post=11704"}],"version-history":[{"count":5,"href":"https:\/\/www.urbanphotoawards.com\/it\/wp-json\/wp\/v2\/posts\/11704\/revisions"}],"predecessor-version":[{"id":11725,"href":"https:\/\/www.urbanphotoawards.com\/it\/wp-json\/wp\/v2\/posts\/11704\/revisions\/11725"}],"wp:featuredmedia":[{"embeddable":true,"href":"https:\/\/www.urbanphotoawards.com\/it\/wp-json\/wp\/v2\/media\/11714"}],"wp:attachment":[{"href":"https:\/\/www.urbanphotoawards.com\/it\/wp-json\/wp\/v2\/media?parent=11704"}],"wp:term":[{"taxonomy":"category","embeddable":true,"href":"https:\/\/www.urbanphotoawards.com\/it\/wp-json\/wp\/v2\/categories?post=11704"},{"taxonomy":"post_tag","embeddable":true,"href":"https:\/\/www.urbanphotoawards.com\/it\/wp-json\/wp\/v2\/tags?post=11704"}],"curies":[{"name":"wp","href":"https:\/\/api.w.org\/{rel}","templated":true}]}}