{"id":11167,"date":"2019-07-22T10:54:10","date_gmt":"2019-07-22T08:54:10","guid":{"rendered":"http:\/\/www.urbanphotoawards.com\/?p=11167"},"modified":"2019-11-14T10:34:24","modified_gmt":"2019-11-14T09:34:24","slug":"urban-2019-exhibit-prewiews-around-europe","status":"publish","type":"post","link":"https:\/\/www.urbanphotoawards.com\/it\/urban-2019-exhibit-prewiews-around-europe\/","title":{"rendered":"URBAN 2019 Mostre \/ Prewiew in Europa"},"content":{"rendered":"Starting from July 18, the best ranked pictures from <strong>URBAN 2019 Photo Awards<\/strong> will be displayed around Europe, for the usual series of \u201ctravelling exhibit previews\u201d. This year we reached a new record: 700+ photos and 65 portfolios among Selected Photographers will be exhibited.<\/p>\n<p><strong>PLEASE NOTE: all exhibits will last at least 3-4 weeks, but the end can be prolonged by the venue itself.<\/strong><\/p>\n<h3><strong>[UPDATING] Check out this news, in the coming days we will reveal the displayed photographers. <\/strong><\/h3>\n<p>Check out latest updates on <a href=\"https:\/\/www.facebook.com\/UrbanPhotoContest\/\" target=\"_blank\" rel=\"noopener nofollow\"><strong>our Facebook Page<\/strong><\/a>.<\/p>\n<hr \/>\n<ul>\n<li>\n<h4>18.07.2019 \u00bb <a href=\"http:\/\/muzejporec.hr\" target=\"_blank\" rel=\"noopener nofollow\"><strong>Porec <del>Museum<\/del><\/strong><\/a> (Porec, Croatia)<\/h4>\n<\/li>\n<\/ul>\n<p>Giovanni Paolini \u2013<em> Urban Vision<\/em><br \/>\nMariagrazia Beruffi \u2013 <em>La Boda<\/em><br \/>\nRoberto Di Patrizi \u2013 <em>Railway Station<\/em><\/p>\n<hr \/>\n<ul>\n<li>\n<h4>26.07.2019 \u00bb <a href=\"https:\/\/triesteairport.it\/\" target=\"_blank\" rel=\"noopener nofollow\"><strong>Trieste Airport<\/strong><\/a> (Ronchi dei Legionari, Italy)<\/h4>\n<\/li>\n<\/ul>\n<p>Photos by: Alberto David Fern\u00e1ndez, Andrea Barbuto, Andrea Carroll, Andrea Misurova, Andrea Pozzoni, Andrew Szatmari, Anil Purohit, Anna Pizzoccaro, Antonino Arcangelo, Antonio Trogu, Arnab Sarkar, Avarino Carac\u00f2, Barbara Ebner, Barbara Lei, Bohdan Lesiv, Carla Cosenza Mormile, Cristina Capellino, Daria Orlianska, Don Kline, Eurika Balsyte-Ojakoski, Filipe Bianchi, Francesco Gaia, Gabriele Altin, Gloria Galovic, Jessica Richardson, Kriszti\u00e1n T\u00f3ta, Laura Brasca, Lello Fargione, Liljana Petru\u0161a, Lorenzo Ferranti, Marco Bianchini, Marijon Walter, Marketa Cermak, Martina Libralato, Mauro Ottonelli, Mauro Pinotti, Michael Kofteros, Miguel Gonz\u00e1lez Balbuena, Niki Gorick, Paolo Davide Manina, Paolo Mazzanti, Patricia Richards, Patrizia Pezzino, Peter Cech, Riccardo Moretti, Riccardo Saccotelli, Richard Hyde, Roberto Malagoli, Roberto Martinez Duarte, Roman Robroek, Rouben Alaverdian, Sergey Tesker, Shinya Itahana, Simona Nobili, Stefano Agnello, Stefano Claudi, Tamara Maria Blazquez Haik, Tom Stahl, Tullia Diena, Ugo Garzia, Ursula Stiglitz, Valentina Bollea, Viraj Bunnag, Waldemar Ostrowski, Yoichiro Sakai.<br \/>\nProjects: Gabriele Calamelli &#8211; <em>In Flanders Fields<\/em> \/ Marketa Cermak &#8211;<em> Sr\u00ed Lanka Impressions<\/em><\/p>\n<hr \/>\n<ul>\n<li>\n<h4>05.08.2019 \u00bb <a href=\"http:\/\/viecha.com\/\" target=\"_blank\" rel=\"noopener nofollow\"><strong>Viecha<\/strong><\/a> (Bratislava, Slovakia)<\/h4>\n<\/li>\n<\/ul>\n<p>Photos by: Antonio Perrone, Carlos Sauvageot, Cristina Capellino, Frederic Ducos, Hans Wichmann, Harry Giglio, Marisa Paoli, Massimo Tabasso, Mauro Pinotti, Radek Kozak, Riccardo Crevatin, Robin Yong, Todor Tilev, Tomas Loukota.<\/p>\n<hr \/>\n<ul>\n<li>\n<h4>10.08.2019 \u00bb <a href=\"https:\/\/www.facebook.com\/wavello\/\" target=\"_blank\" rel=\"noopener nofollow\"><strong>Wavelove<\/strong><\/a> (Krakow, Poland)<\/h4>\n<\/li>\n<\/ul>\n<p>Photos by: Aldo Trozzi, Dominika Koszowska<br \/>\nProject: Cristiano Musardo &#8211; <em>AD45<\/em> \/ Romina Calini &#8211;<em> Serendipity<\/em><\/p>\n<hr \/>\n<ul>\n<li>\n<h4>13.08.2019 \u00bb <a href=\"https:\/\/www.facebook.com\/PierwszyLokal\/\" target=\"_blank\" rel=\"noopener nofollow\"><strong>Pierwszy Lokal<\/strong><\/a> (Krakow, Poland)<\/h4>\n<\/li>\n<\/ul>\n<p>Photos by: Antonello Vito, Barbara Ebner, Enrico Mika Crevatin, Marina Labagnara<br \/>\nProjects: Daniela Patri &amp; Romina Calini &#8211; <em>Dunnycan<\/em> \/ Scott R. McMaster &#8211;<em> Six In Seven: Hong Kong Labour At Street Level<\/em><\/p>\n<hr \/>\n<ul>\n<li>\n<h4>14.08.2019 \u00bb <a href=\"https:\/\/www.facebook.com\/pages\/Eszeweria\/140631805995292\" target=\"_blank\" rel=\"noopener nofollow\"><strong>Eszeweria<\/strong><\/a> (Krakow, Poland)<\/h4>\n<\/li>\n<\/ul>\n<p>Photos by: John Culbertson, Mario Fazio<br \/>\nProjects: Antonio Ros &#8211;<em> Qualcosa Di Giallo &#8211; Something Yellow<\/em> \/ Mariateresa Crisigiovanni &#8211; <em>Noi Non Ci Saremo<\/em><\/p>\n<hr \/>\n<ul>\n<li>\n<h4>14.08.2019 \u00bb <a href=\"https:\/\/www.facebook.com\/mostowa8\" target=\"_blank\" rel=\"noopener nofollow\"><strong>Po Drodze<\/strong><\/a> (Krakow, Poland)<\/h4>\n<\/li>\n<\/ul>\n<p>Photos by: Adriano Nicoletti, Alberto David Fern\u00e1ndez, Christina Kruml, Cristian Ribichini, Giulio Bulfoni, Giulio Bulfoni, Maria Francesca Bertoli, Maria Francesca Bertoli, Patricia Richards, Tom Stahl<br \/>\nProject: Robert Kiss &#8211; <em>Mimicry<\/em><\/p>\n<hr \/>\n<ul>\n<li>\n<h4>15.08.2019 \u00bb <strong><a href=\"https:\/\/alchemia.com.pl\/\" target=\"_blank\" rel=\"noopener nofollow\">Alchemia<\/a><\/strong> (Krakow, Poland)<\/h4>\n<\/li>\n<\/ul>\n<p>Photos by: Cinzia Bassani<br \/>\nProjects: Daniela Figna &#8211; <em>The New Senses<\/em> \/ Davide Colagiacomo &#8211; <em>Waiting Spaces<\/em> \/ Frederic Ducos &#8211; <em>Walls<\/em> \/ Giorgio De Zan &#8211; <em>No Human City<\/em><\/p>\n<hr \/>\n<h4>01.10 &#8211; 30.11.2019 \u00bb <a href=\"https:\/\/triesteairport.it\/\" target=\"_blank\" rel=\"noopener nofollow\"><strong>Trieste Airport<\/strong><\/a> (Ronchi dei Legionari, Italy)<\/h4>\n<p>Photos by: Alessandro Pellican, Allan Syphers, Andrea Misurova, Anna Reeves, Antonello Vito, Antonio Presta, Antonio Salaverry, Antonio Trogu, Arnab Sarkar, Barbara Ebner, Cesare Augello, Clive Eariss, Cristina Capellino, Cristina Guernieri, Daniela Figna, Daniele Ferretti, Denis Marinello, Diletta Cordeschi, Dimitar Bogdantsaliev, Domenica Pinto, Enrica Ridolfi, Filippo Gobbato, Florent Perroud, Franco Luigi Beretta, Frederic Ducos, Gabriele Altin, Gianluca Gasparini, Giorgio De Zan, Giuseppe Pitino, Hansa Tangmanpoowadol, James Sinclair, Jeannette M\u00fcller, Jose Gaston Barriga, Lena Meder, Luca Iacono, Lucilla Floreancig, Maarit Latvala, Marco Della Pasqua, Marco Lambardi, Margrieta Jeltema, Marijon Walter, Mario Fazio, Marketa Cermak, Matteo Giuseppe Romanato, Maurizio Ugolini, Maurizio Zanetti, Mauro Case, Mauro Ottonelli, Mauro Pinotti, Orna Naor, Patricia Richards, Patrizia Pezzino, Patrizio Broggi, Peter Cech, Pia Parolin, Piotr Nalewajka, Poeschko Heinz, Ricardo Pareyon Aveleyra, Riccardo Crevatin, Riccardo Saccotelli, Roberta Grubelli, Rouben Alaverdian, Samantha Degrassi, Sergey Tesker, Sergio Perez, Shunsuke Matsunaga, Silvia Pugliesi, Simone Mantia, Thijs Van Den Burg, Umberto Cenedese, Viraj Bunnag, Waldemar Ostrowski, Wojciech Zagorski, Ximena Echague, Yamil Vidal Dos Santos.<br \/>\nProject: Marcin Piekalkiewicz &#8211; <em>Between Me And You (And Them)<\/em><\/p>\n<hr \/>\n<ul>\n<li>\n<h4>20.09.2019 \u00bb Bollicine (Trieste, Italy)<\/h4>\n<\/li>\n<\/ul>\n<p>Projects: \u201cCurved Concrete\u201d \u2013 Antonio Salaverry &amp;\u00a0 \u201cEmergence\u201d &#8211;\u00a0Gigi Chung<\/p>\n<hr \/>\n<ul>\n<li>\n<h4>20.09.2019 \u00bb <strong><a href=\"https:\/\/www.facebook.com\/whitecafe.trieste\/\" target=\"_blank\" rel=\"nofollow\">White Caf\u00e8<\/a> <\/strong>(Trieste, Italy)<\/h4>\n<\/li>\n<\/ul>\n<p>Project:\u00a0\u201cDown, Down, Heavenwards\u201d \u2013 Maria Kremneva<\/p>\n<hr \/>\n<ul>\n<li>\n<h4>20.09.2019 \u00bb <a href=\"https:\/\/www.facebook.com\/drawtrieste\/\" target=\"_blank\" rel=\"nofollow\"><strong>Draw<\/strong><\/a> (Trieste, Italy)<\/h4>\n<\/li>\n<\/ul>\n<p>Projects:\u00a0\u201cDowntown\u201d \u2013 Douglas Ljungkvist, &#8220;\u201cBelleville Murals \u201d &#8211; Giuliana Mariniello &amp;\u00a0&#8220;Territoires&#8221; &#8211; Philippe Sarfati<\/p>\n<hr \/>\n<ul>\n<li>\n<h4>20.09.2019 \u00bb <strong><a href=\"https:\/\/www.facebook.com\/pages\/Bar-Cafe-James-Joyce-Trieste-Italy\/1477036025860413\" target=\"_blank\" rel=\"nofollow\">James Joyce Caf\u00e8<\/a>\u00a0<\/strong>(Trieste, Italy)<\/h4>\n<\/li>\n<\/ul>\n<p>Project:\u00a0\u201cPrivate Windows\u201d \u2013 Gianni Olivetti<\/p>\n<hr \/>\n<ul>\n<li>\n<h4>20.09.2019 \u00bb <strong><a href=\"https:\/\/www.facebook.com\/aqvedotto.caffe\/\" target=\"_blank\" rel=\"nofollow\">Aqvedotto Caf\u00e8<\/a> <\/strong>(Trieste, Italy)<\/h4>\n<\/li>\n<\/ul>\n<p>Photos: Antonio Presta, Marco Amar\u00f9, Daniele Esposito, Daria Orlianska, Jose Gaston Barriga, Karl Dedolph, Marketa Cermak, Mauro Marass.<\/p>\n<p>Project:\u00a0\u201cSurreal Shop Windows\u201d \u2013 Antonino Orlando<\/p>\n<hr \/>\n<ul>\n<li>\n<h4>20.09.2019 \u00bb <strong><a href=\"https:\/\/www.facebook.com\/La-Preferita-87325999788\/\" target=\"_blank\" rel=\"nofollow\">La Preferita<\/a><\/strong> (Trieste, Italy)<\/h4>\n<\/li>\n<\/ul>\n<p>Photos: Ugo Garzia, Merethe Wessel-Berg, Tonino Corso, Shunsuke Matsunaga, Massimo Tabasso, Massimo Russo, Maicol Baiana, Jens Kruse, Ignasi Raventos, Gabriele Altin, Franco Luigi Beretta, Daniele Pollice, Carolina Chacon Cortes, Antonello Vito, Andrea Barbuto.<\/p>\n<p>Project:\u00a0\u201cUrban Myopias\u201d \u2013 Martine Michaud<\/p>\n<hr \/>\n<ul>\n<li>\n<h4>20.09.2019 \u00bb<strong> <a href=\"https:\/\/www.facebook.com\/eppingertrieste\/\" target=\"_blank\" rel=\"nofollow\">Eppinger<\/a> <\/strong>(Trieste, Italy)<\/h4>\n<\/li>\n<\/ul>\n<p>Photos: Renzo Donati, Raluca Butnaru, Niccol\u00f2 Corvini, Mario Fazio, Marco Brendolini, Enrica Ridolfi, Davide Gatti, Dario Zambello, Daria Orlianska, Carolina Cantore.<\/p>\n<p>Project:\u00a0\u201cDevouring Shadows\u201d \u2013 Luca Valenta<\/p>\n<hr \/>\n<ul>\n<li>\n<h4>20.09.2019 \u00bb <a href=\"https:\/\/www.facebook.com\/MimieCocotte\/\" target=\"_blank\" rel=\"nofollow\"><strong>Mim\u00ec &amp;<\/strong> <strong>Cocotte<\/strong><\/a> (Trieste, Italy)<\/h4>\n<\/li>\n<\/ul>\n<p>Photos: Street photography by Luca Vasconi &amp;\u00a0Karl Dedolph<\/p>\n<hr \/>\n<ul>\n<li>\n<h4>20.09.2019 \u00bb <a href=\"https:\/\/www.caffetommaseo.it\/?fbclid=IwAR3-yeU4WFnEkqXdjYMg4kAg5gbP8xWoB6ZHzdr04UvLki_w4Gs3eNkFmfw\" target=\"_blank\" rel=\"nofollow\"><strong>Caff\u00e8 Tommaseo<\/strong><\/a> (Trieste, Italy)<\/h4>\n<\/li>\n<\/ul>\n<p>Photos:\u00a0Barbara Lei, Emanuela Bristot, Fabien Jakob, Michel Guillet, Min Jun Kim, Monica Dentoni, Rebeka Legovic, Robert Ebner, Roberto Furlan, Tommaso Fossati.<\/p>\n<p>Project:\u00a0\u201cAbandoned Art In Decay\u201d \u2013 Roman Robroek<\/p>\n<hr \/>\n<ul>\n<li>\n<h4>20.09.2019 \u00bb <strong><a href=\"https:\/\/www.facebook.com\/pier.theroof\/\" target=\"_blank\" rel=\"nofollow\">Pier<\/a><\/strong> (Trieste, Italy)<\/h4>\n<\/li>\n<\/ul>\n<p>Projects:\u00a0&#8220;Finibus Terrae&#8221; -Adriano Nicoletti &amp; &#8220;New York Landscapes&#8221; &#8211; Julia Cody<\/p>\n<hr \/>\n<ul>\n<li>\n<h4>20.09.2019 \u00bb <a href=\"https:\/\/www.facebook.com\/BarPasticceriaSircelli\/\" target=\"_blank\" rel=\"nofollow\"><strong>Sircelli &#8211; Via Genova<\/strong><\/a> (Trieste, Italy)<\/h4>\n<\/li>\n<\/ul>\n<p>Project: \u201cRush\u201d \u2013 Antonio Salaverry<\/p>\n<hr \/>\n<ul>\n<li>\n<h4>20.09.2019 \u00bb<strong>\u00a0<a href=\"https:\/\/www.tripadvisor.it\/Restaurant_Review-g187813-d8802735-Reviews-Al_G_Meeting_Point-Trieste_Province_of_Trieste_Friuli_Venezia_Giulia.html\" target=\"_blank\" rel=\"nofollow\">Al G<\/a>\u00a0<\/strong>(Trieste, Italy)<\/h4>\n<\/li>\n<\/ul>\n<p>Photos:\u00a0Barbara Ebner, Eugenio Novarjra, Francesco Gaia, Francesco Licandro, Gabby Griggs, Marina Franci, Ram\u00f2n Cabello.<\/p>\n<p>Project:\u00a0&#8220;Nature and City&#8221; &#8211; Antonio Cunico<\/p>\n<hr \/>\n<ul>\n<li>\n<h4>20.09.2019 \u00bb<strong>\u00a0<a href=\"https:\/\/www.facebook.com\/Hop-Store-Pub-382556821785434\/?__tn__=%2Cd%2CP-R&amp;eid=ARBciMB2mTwNuZElbH0bfEq_jUZENdLGROm_28ORMT54CW9U7UT1Jg5CV_5GVXJxMqGiYpujZ26i69_r\" target=\"_blank\" rel=\"nofollow\">The Hop Store Pub<\/a>\u00a0<\/strong>(Trieste, Italy)<\/h4>\n<\/li>\n<\/ul>\n<p>Photos:\u00a0Stefano Claudi, Mattia Pasini, Marco Della Pasqua, Jose Gaston Barriga, Jens Kruse, Ester Pertegato, Amadeusz Jackiewicz.<\/p>\n<p>Project:\u00a0&#8220;Isolated&#8221; &#8211; Javier AraNburu<\/p>\n<hr \/>\n<ul>\n<li>\n<h4>20.09.2019 \u00bb<strong>\u00a0<a href=\"https:\/\/www.facebook.com\/www.ristorantejoiatrieste.it\/\" target=\"_blank\" rel=\"nofollow\">Joia<\/a>\u00a0<\/strong>(Trieste, Italy)<\/h4>\n<\/li>\n<\/ul>\n<p>Photos:\u00a0Wei Jian Chan, Volodymyr Demkiv, Rouben Alaverdian, Robert Ebner, Riccardo Crevatin, Merethe Wessel-Berg, Mattia Pasini, Gerhard Wagner, Frederic Ducos, Floren Perroud, Elisabetta Merlo, Coralie Maneri, Clive Eariss, Carlos Sauvageot.<\/p>\n<p>Project:\u00a0&#8220;Milano. I Tell you in Detail.&#8221; &#8211; Elisabetta Gatti<\/p>\n<hr \/>\n<ul>\n<li>\n<h4>20.09.2019 \u00bb<strong>\u00a0<a href=\"https:\/\/www.facebook.com\/puroristoro\/\" target=\"_blank\" rel=\"nofollow\">Puro<\/a>\u00a0<\/strong>(Trieste, Italy)<\/h4>\n<\/li>\n<\/ul>\n<p>Photos:\u00a0Paolo Davide Manina, Maria Francesca Bertoli, Marco Della Pasqua, Marco Bianchini, Lucilla Floreancig, Jeannette M\u00fcller, Cristina Guernieri.<\/p>\n<p>Projects:\u00a0&#8220;Structura&#8221; &#8211; Luca Vegetti, &#8220;Perspective&#8221; &#8211; Antonio Salaverry &amp; &#8220;The Glamour of an Artwork&#8221; &#8211; Rosella Tapella<\/p>\n<hr \/>\n<ul>\n<li>\n<h4>20.09.2019 \u00bb<strong>\u00a0<a href=\"https:\/\/www.facebook.com\/letteraviva\/\" target=\"_blank\" rel=\"nofollow\">Lettera Viva<\/a>\u00a0<\/strong>(Trieste, Italy)<\/h4>\n<\/li>\n<\/ul>\n<p>Photos:\u00a0Stefano Spigolon, Sebastiano Ciancio, Samuel Di Luca, Roberto Pestarino,Paolo Mazzanti, Nadia Vicentini, Michela Bari, Yamil Vidal, Mattia Pasini, Massimo Ferrero, Massimiliano Vecchi, Malgorzata Mikolajczyk, Joao Coutinho, Ivan Caceres, Giorgio De Zan, Fulvio Frioli, Eugenio Novarjra, Enrica Ridolfi, Elisabetta Gatti, Clark Perkins, Chiara Croce, Alessandro Pellican, Alessandro Lucia.<\/p>\n<p>Projects:\u00a0<a href=\"https:\/\/www.triestephotodays.com\/en\/events\/the-city-in-the-mirror-chiara-croce-people-like-us-antonio-salaverry-fuga-dalla-realta-samuel-dossi-mostra-collettiva-lettera-viva\/\" target=\"_blank\" rel=\"nofollow\">&#8220;<\/a>The City in the mirror&#8221; &#8211; Chiara Croce, &#8220;People like us&#8221; &#8211; Antonio Salaverry &amp; &#8220;Fuga dalla Realt\u00e0&#8221; &#8211; Samuel Dossi<\/p>\n<hr \/>\n<ul>\n<li>\n<h4>20.09.2019 \u00bb<strong>\u00a0<a href=\"https:\/\/www.facebook.com\/adorocafetrieste\/\" target=\"_blank\" rel=\"nofollow\">Adoro Caf\u00e8<\/a>\u00a0<\/strong>(Trieste, Italy)<\/h4>\n<\/li>\n<\/ul>\n<p>Photos:\u00a0Antonella Pellegrino, Barbara Ebner, Daniel Heilig, Dominika Koszowska, Enrica Ridolfi, Giovanni Polizzi, Jens Kruse, Maurizio Sartoretto, Michela Bari, Umberto Cenedese.<\/p>\n<p>Project:\u00a0&#8220;Visual Rhapsody&#8221; &#8211; Michele Paggetta<\/p>\n<hr \/>\n<ul>\n<li>\n<h4>20.09.2019 \u00bb<strong>\u00a0<a href=\"https:\/\/www.facebook.com\/bararcor\/\" target=\"_blank\" rel=\"nofollow\">Arc&#8217;Or<\/a>\u00a0<\/strong>(Trieste, Italy)<\/h4>\n<\/li>\n<\/ul>\n<p>Photos:\u00a0Umberto Cenedese, Roberto Furlan, Robert Ebner, Raluca Butnaru, Noor Dawod, Margherita Di Ciolo, Marco Bianchini, Marcello Terruli, Lucilla Floreancig, Luca Lorenzi, Jens Kruse, Davy Liger, Cristian Ribichini, Andrea Sabbadin, Amadeusz Jackiewicz.<\/p>\n<hr \/>\n<ul>\n<li>\n<h4>20.09.2019 \u00bb<strong><a href=\"https:\/\/www.facebook.com\/barbuffet.borsa\/\" target=\"_blank\" rel=\"nofollow\">\u00a0Bar Buffet Borsa<\/a>\u00a0<\/strong>(Trieste, Italy)<\/h4>\n<\/li>\n<\/ul>\n<p>Photos:\u00a0Rouben Alaverdian,Alessandro Lucia, Carla Cosenza Mormile, Corrado Enea Crevatin, Daniele Dal Pozzolo,Gloria Galovic, Kristina Koroleva, Massimo Faralli, Michael Kofteros, Radek Kozak, Riccardo Moretti.<\/p>\n<hr \/>\n<ul>\n<li>\n<h4>20.09.2019 \u00bb <strong><a href=\"https:\/\/www.facebook.com\/BirreriaForstTrieste\/\" target=\"_blank\" rel=\"nofollow\">Birreria FORST<\/a><\/strong> (Trieste, Italy)<\/h4>\n<\/li>\n<\/ul>\n<p>Photos:\u00a0Viraj Bunnag, Tiberio Sorvillo, Nadia Vicentini, Nathanael Fournier, Sergey Tesker, Riccardo Crevatin, Raluca Butnaru, Radek Kozak, Patrizia Pezzino, Michel Guillet, Yamil Vidal, Mauro Marass, Maurizio Ugolini, Mattia Pasini, Marketa Cermak, Marina Franci, Marcellus Ruben Winastwan, Luca De Rossi, Lorenzo Aimo, John Culbertson, Harry Giglio, Gloria Galovic, Giuseppe Riccardi, Giulio Bulfoni, Daniele Mantovani, Cleber Greco, Alessandro Aggio.<\/p>\n<hr \/>\n<ul>\n<li>\n<h4>20.09.2019 \u00bb <strong><a href=\"https:\/\/www.facebook.com\/GranBarUnita\/?__tn__=%2Cd%2CP-R&amp;eid=ARDljfISsq1a393AoQyh11_DG2c5nuB83LVlvJN_EDzjG0_7kFfnpQ0Q0sAUr5C2v4JbnGi9a8bu2Nc-\" target=\"_blank\" rel=\"nofollow\">Gran Bar Unit\u00e0<\/a>\u00a0<\/strong>(Trieste, Italy)<\/h4>\n<\/li>\n<\/ul>\n<p>Photos:\u00a0Antonello Vito, Antonio Tartaglia, Don Kline, Jessica Richardson,Joseph Smith, Kristina Koroleva, Mimma Livini, Simona Nobili, Viraj Bunnag, Daria Orlianska, Lu Furne, Mario Bianchini, Marketa Cermak, Patrizia Pezzino, Riccardo Crevatin, Stefano Agnello, Lukasz Zietara, Enrico Galoppi, Elisabetta Merlo, Andrea Maggini.<\/p>\n<hr \/>\n<ul>\n<li>\n<h4>20.09.2019 \u00bb<strong> <a href=\"https:\/\/www.facebook.com\/hopsbeerstro\/?ref=br_rs\" target=\"_blank\" rel=\"nofollow\">Hop BeerStr\u00f2<\/a><\/strong> (Trieste, Italy)<\/h4>\n<\/li>\n<\/ul>\n<p>Photos: Viraj Bunnag, Tullia Diena, Shinya Itahana, Samantha Degrassi, Alberto David Fern\u00e0ndez, Riccardo Saccottelli, Raluca Butnaru, Radek Kozak, Pierre Neret, Sara de Canta, Marisa Paoli, Marco Immediata,\u00a0Karl Dedolph, Lorenzo Mini, John Culbertson, Ingrid Gielen, Giacomo Festa, Floren Perroud, Daniele Dal Pozzolo, Antonio Salaverry, Alexander Graybar, Ailis d\u2019Osualdo.<\/p>\n<hr \/>\n<ul>\n<li>\n<h4>20.09.2019 \u00bb <strong><a href=\"https:\/\/www.facebook.com\/HopandRockTRIESTE\/\" target=\"_blank\" rel=\"nofollow\">Hop&amp;Rock<\/a><\/strong> (Trieste, Italy)<\/h4>\n<\/li>\n<\/ul>\n<p>Photos:\u00a0Javier Aranburu, Colin Page, Silvia Pugliesi, Lorenzo Giaccone, Sylwia Ciszewska \u2013 Peciak, Anil Purohit, Antonio Trogu, Rouben Alaverdian, Tiberio Sorvillo, Marijon Walter, Michel Guillet, RobertoPestarino, Richard Shears, Radek Kozac, Andrea Misurova, Francesco Baroni, Paolo Bullo, Radek Kozac.<\/p>\n<hr \/>\n<ul>\n<li>\n<h4>20.09.2019 \u00bb <a href=\"https:\/\/www.facebook.com\/PanPacor-kafe-886673701381130\/\" target=\"_blank\" rel=\"nofollow\"><strong>Pan Pacor<\/strong><\/a> (Trieste, Italy)<\/h4>\n<\/li>\n<\/ul>\n<p>Photos:\u00a0Tommaso Fossati, Tomasz Zaj, Silvia Pugliesi, Sergio Perez, Roberto Pestarino, Roberto Malagoli, Riccardo Sacotelli, Neva Martelanc, Mariano Iorio, Lorendana Armao, John Culbertson, Giacomo Festa, Fulvio Frioli, Anna Reeves, Emanuele Bissoli, Diletta Cordesch, Diego StellinoDaniel Heilig, Avarino Carac\u00f2, Andrea Torrei.<\/p>\n<hr \/>\n<ul>\n<li>\n<h4>20.09.2019 \u00bb<strong> <a href=\"https:\/\/www.facebook.com\/BarPasticceriaSircelli\/\" target=\"_blank\" rel=\"nofollow\">Sircelli &#8211; Via Gallina<\/a><\/strong> (Trieste, Italy)<\/h4>\n<\/li>\n<\/ul>\n<p>Photos:\u00a0Tommaso Fossati, Tomasz Zaj, Silvia Pugliesi, Sergio Perez, Roberto Pestarino, Roberto Malagoli, Riccardo Sacotelli, Neva Martelanc, Mariano Iorio, Lorendana Armao, John Culbertson, Giacomo Festa, Fulvio Frioli, Anna Reeves, Emanuele Bissoli, Diletta Cordesch, Diego StellinoDaniel Heilig, Avarino Carac\u00f2, Andrea Torrei.<\/p>\n<hr \/>\n<ul>\n<li>\n<h4>20.09.2019 \u00bb <strong><a href=\"https:\/\/www.facebook.com\/MushrooMtrieste\/\" target=\"_blank\" rel=\"nofollow\">Mushroom Bar<\/a><\/strong> (Trieste, Italy)<\/h4>\n<\/li>\n<\/ul>\n<p>Project: \u201cUrban Pathos\u201d \u2013 Giorgio Negro\u00a0 &amp; &#8220;Selfalonia&#8221; &#8211; Roberto Giovetti<\/p>\n<hr \/>\n<ul>\n<li>\n<h4>07.10.2019 &#8211; 29.02.2019 \u00bb <a href=\"http:\/\/www.ertfvg.it\/cividale-del-friuli\/\" target=\"_blank\" rel=\"nofollow\">Teatro Ristori\u00a0<\/a>(Cividale del Friuli, Italy)<\/h4>\n<\/li>\n<\/ul>\n<p>Photos:\u00a0Allan Syphers, Andrea Scir\u00e8, Barbara Ebner, Carlos Jose Freitas Mesquita, Carolina Chacon Cortes, Claudia Nicolini, Cristina Guernieri, Elisabetta Merlo, Emmanuel Monzon, Enzo Fornione, Gabriele Altin, Gabor Hegyi-Kovacs, Ingrid Gielen, Jose Gaston Barriga, Kevin Pierrat, Malgorzata Mikolajczyk, Marco Della Pasqua, Margrieta Jeltema, Marketa Cermak, Matteo Garzonio, Mattia Pasini, Maurizio Ugolini, Maurizio Zanetti, Mauro Case, Merethe Wessel-Berg, Niccol\u00f2 Corvini, Raffaella Di Lieto, Raluca Butnaru, Rouben Alaverdian, Valeria Baldoni, Ventura Formicole.<\/p>\n<p>Projects:\u00a0Ventura Formicone \u2013\u00a0<em>Carrying Identities<\/em>, Emmanuel Monzon \u2013\u00a0<em>Urban Sprawl,\u00a0Nanni Schiffl-Deiler &#8211; Lampedusa, Black Water.<\/em><\/p>\n<hr \/>\n<ul>\n<li>\n<h4>08.10.2019 &#8211; 29.02-2020 \u00bb <a href=\"http:\/\/www.monasterodisantamariainvalle.it\/_it\/\" target=\"_blank\" rel=\"nofollow\">Monastero di Santa Maria in Valle<\/a> (UNESCO SITE)\u00a0(Cividale del Friuli, Italy)<\/h4>\n<\/li>\n<\/ul>\n<p>Photos:\u00a0Alena Kakhanovich, Andrea Rosti, Antonella Pellegrino, Barbara Lei, Carla Cosenza Mormile, Carlos Sauvageot, Colin Page, Consuelo Sala, Cristobal Cassinello, Daniele Bellucci, Emanuele Bissoli, Filipe Bianchi, Giovanni De Pasquale, Giovanni Paolo Stalloni, Giuseppe Pitino, Giuseppe Ulizio, Gloria Galovic, Harry Giglio, Marco Lambardi, Maria Francesca Bertoli, Mario Fazio, Marketa Cermak, Massimo Tabasso, Mattia Pasini, Nicolas A. Saracchini, Noor Dawod, Radek Kozak, Rob Krauss, Roman Robroek, Thijs Van Den Burg.<\/p>\n<p>Projects:\u00a0\u00a0Anna Domaneschi \u2013\u00a0<em>Curves<\/em>, Hubert Michel \u2013\u00a0<em>Malta<\/em>, Jose Roberto Bassul \u2013\u00a0<em>Minimal Poetics<\/em>.<\/p>\n<hr \/>\n<ul>\n<li>\n<h4>08.10.2019 &#8211; 30.11.2019 \u00bb Municipio di Aquileia (Aquileia, Italy)<\/h4>\n<\/li>\n<\/ul>\n<p>Photos:\u00a0Aldo Trozzi, Andrea Misurova, Andrew Szatmari, Antonella Platania, Beatrice Giannitelli, Birgit Lu Mazen, Coralie Maneri, Davide Canali, Davy Liger, Dominika Koszowska, Federico Dessardo, Filippo Ferraro, Georg Worecki, Giuseppe Ulizio, Hansa Tangmanpoowadol, Heinz Poeschko, Jasmine Cattai, John Culbertson, Luca Iacono, Malgorzata Mikolajczyk, Marco Della Pasqua, Marco Lambardi, Maria Pansini, Matteo Garzonio, Ramon Cabello, Rouben Alaverdian, Umberto Lucarelli, Valeria Baldoni.<\/p>\n<p>Projects:\u00a0Progetti: Mattia Pasini \u2013\u00a0<em>Shadows And Reflections<\/em><\/p>\n<hr \/>\n<ul>\n<li>\n<h4>08.10.2019 &#8211; 15.12.2019 \u00bb Museo del Territorio (Cormons, Italy)<\/h4>\n<\/li>\n<\/ul>\n<p>Photos:\u00a0\u00a0Abigail Gossage, Adriano Nicoletti, Aldo Trozzi, Alessandro Aggio, Anna Pizzoccaro, Antonio Presta, Barbara Ebner, Carolina Chacon Cortes, Coralie Maneri, Cristian Ribichini, Daniela Figna, Daniele Dal Pozzolo, Daniele Mantovani, Davy Liger, Emanuele Bissoli, Francesco Baroni, Frederic Ducos, Gabor Hegyi-Kovacs, Gabriele Altin, Haragas Ioana, Ingrid Gielen, Jens Kruse, Jessica Richardson, Joao Coutinho, Jorge Ivan Macias Mejia, Maarit Latvala, Marcin Giba, Marco Brendolini, Maria Francesca Bertoli, Marijon Walter, Mario Fazio, Marisa Paoli, Marketa Cermak, Mattia Pasini, Maurizio Sartoretto, Nina Caspari, Paola Rizzi, Pia Parolin, Pierre Neret, Raluca Butnaru, Riccardo Crevatin, Roman Robroek, Shunsuke Matsunaga, Stefano Spigolon, Tomas Loukota, Ximena Echague, Zbigniew Brzozowski.<\/p>\n<p>Projects:\u00a0Andrea Falcon \u2013\u00a0<em>Berlin Wall<\/em>, Antonio Salaverry \u2013\u00a0<em>Symbiosis<\/em>, Gabriele Calamelli \u2013\u00a0<em>Bus Stop 522<\/em>, Gigi Chung\u00a0 \u2013\u00a0<em>Emergence<\/em>, Giovanni Paolini \u2013\u00a0<em>Urban Vision<\/em>, Mariateresa Crisigiovanni \u2013\u00a0<em>Nottetempo<\/em>, Max Sturgeon \u2013\u00a0<em>Of A Different Stripe<\/em>, Nik Brezginov \u2013\u00a0<em>Quantum World Industrial<\/em>, Patrick Jacquet \u2013\u00a0<em>Geneva Reminensces<\/em>, Pygmalion Karatzas \u2013\u00a0<em>The Lagoon<\/em>, Sandro Tedde \u2013\u00a0<em>La Madeleine<\/em>, Sara Casto \u2013\u00a0<em>Urban Express<\/em>, Stephen Geer \u2013\u00a0<em>Discarded<\/em>.<\/p>\n<hr \/>\n<ul>\n<li>\n<h4>08.10.2019 . 31.11.2019 \u00bb ITIS (Trieste, Italy)<\/h4>\n<\/li>\n<\/ul>\n<p>Photos:\u00a0Andrea Misurova, Antonio Peronem Antonio Presta, Berbara Ebner, Birgit Lu Mazen, Bohdan Lesiv, Carolina Chacon Cortes, Claudio Chiappetti, Consuelo Canducci, Corrado Enea Crevatin, Cristian Ribichini, Cristina Capellino, Daniele Pollice, Davide Canali, Davy Liger, Domenica Pinto, Dominika Koszowska, Don Kline, Elena Santucci, Elie L\u2019Hoyest, Elisabetta Merlo, Enrica Ridolfi, Enzo Fornione, Gabriele Altin, Giacomo Festa, Giovanni De Pasquale, Giovanni Paolo Stalloni, Gloria Galovic, Harry Giglio, Istvan C\u00e0ceres, Jens Kruse, Jessica Richardson, Jorge Delgado, Jose Gaston Barriga, Keyur Rathod, Marco Espertini, Maria Francesca Bertoli, Mario Fazio, Marisa Paoli, Marketa Cermak, Massimo Tabasso, Matteo Garzonio, Mattia Pasini, Maurizio Ugolini, Merethe Wessel-Berg, Michela Bari, Neva Martelanc, Nicol Terreri, Paolo Davide Manina, Paolo Salmaso, Pasquale Cotugno, Patricia Richards, Peter Cech, Pia Parolin, Raffaella Di Lieto, Ricardo Pareyon Aveleyra, Rouben Alaverdian, Samantha Degrassi, Sebastiano Ciancio, Soemyint Winn, Stefano Claudi, Umberto Lucarelli, Luca Vasconi, Vincenzo Errico, Wojciech Zagorski.<\/p>\n<p>Projects:\u00a0Matthias Ley \u2013 Goyang Love, Daniele Gussago \u2013 Pripijat, Shunsuke Matsunaga \u2013 Urban Isolation in Tokyo,\u00a0Suzette Bross \u2013 Walks<\/p>\n<p>&nbsp;<\/p>\n<h3><strong>[UPDATING] Check out this news, in the coming days we will reveal the displayed photographers. <\/strong><\/h3>","protected":false},"excerpt":{"rendered":"<p>Starting from July 18, the best ranked pictures from URBAN 2019 Photo Awards will be displayed around Europe, for the usual series of \u201ctravelling exhibit previews\u201d. This year we reached a new record: 700+ photos and 65 portfolios among Selected Photographers will be exhibited. PLEASE [&hellip;]<\/p>\n","protected":false},"author":1,"featured_media":11173,"comment_status":"closed","ping_status":"open","sticky":false,"template":"","format":"standard","meta":[],"categories":[6],"tags":[],"acf":[],"_links":{"self":[{"href":"https:\/\/www.urbanphotoawards.com\/it\/wp-json\/wp\/v2\/posts\/11167"}],"collection":[{"href":"https:\/\/www.urbanphotoawards.com\/it\/wp-json\/wp\/v2\/posts"}],"about":[{"href":"https:\/\/www.urbanphotoawards.com\/it\/wp-json\/wp\/v2\/types\/post"}],"author":[{"embeddable":true,"href":"https:\/\/www.urbanphotoawards.com\/it\/wp-json\/wp\/v2\/users\/1"}],"replies":[{"embeddable":true,"href":"https:\/\/www.urbanphotoawards.com\/it\/wp-json\/wp\/v2\/comments?post=11167"}],"version-history":[{"count":35,"href":"https:\/\/www.urbanphotoawards.com\/it\/wp-json\/wp\/v2\/posts\/11167\/revisions"}],"predecessor-version":[{"id":11863,"href":"https:\/\/www.urbanphotoawards.com\/it\/wp-json\/wp\/v2\/posts\/11167\/revisions\/11863"}],"wp:featuredmedia":[{"embeddable":true,"href":"https:\/\/www.urbanphotoawards.com\/it\/wp-json\/wp\/v2\/media\/11173"}],"wp:attachment":[{"href":"https:\/\/www.urbanphotoawards.com\/it\/wp-json\/wp\/v2\/media?parent=11167"}],"wp:term":[{"taxonomy":"category","embeddable":true,"href":"https:\/\/www.urbanphotoawards.com\/it\/wp-json\/wp\/v2\/categories?post=11167"},{"taxonomy":"post_tag","embeddable":true,"href":"https:\/\/www.urbanphotoawards.com\/it\/wp-json\/wp\/v2\/tags?post=11167"}],"curies":[{"name":"wp","href":"https:\/\/api.w.org\/{rel}","templated":true}]}}