{"id":42135,"date":"2026-04-23T18:29:47","date_gmt":"2026-04-23T16:29:47","guid":{"rendered":"https:\/\/www.urbanphotoawards.com\/?p=42135"},"modified":"2026-04-23T18:29:47","modified_gmt":"2026-04-23T16:29:47","slug":"santiago-escobar-jaramillo","status":"publish","type":"post","link":"https:\/\/www.urbanphotoawards.com\/en\/santiago-escobar-jaramillo\/","title":{"rendered":"Santiago Escobar-Jaramillo"},"content":{"rendered":"<p>Architect. MA (merit) Photography and Urban Cultures, <strong>Goldsmiths College, University of London<\/strong>. Editor at Raya Editorial and A\u00d1Z, Fotograf\u00eda Expandida de Latinoam\u00e9rica.<\/p>\n<p>Founder of 20Fot\u00f3grafos, Colectivo+1 &#038; RadioFoto. <strong>Visual curator<\/strong> of the Commission for the Clarification of Truth, Coexistence and Non-Repetition of Colombia. <strong>Fujifilm\u2019s X-Photographer<\/strong>.<\/p>\n<p>NFT Resident of Voice &#038; PhotoVogue 2022. <strong>TEDx Speaker<\/strong>. First Publication Prize FUTURA Felifa 2018.<\/p>\n<p>Winner of <strong>POY Latam \u201cNuestra Mirada\u201d<\/strong>, FOTO BALI Festival 2026, Photometria 2025, Belfast Photo Festival 2025, Rotterdam Photo 2025, CAIROTRONICA 2025, Angkor Photo Festival 2025, BIFA-Budapest International Foto Awards 2024, \u201cFotogaler\u00edas\u201d Centro de Fotograf\u00eda de Montevideo-CDF, SMArt Program Artistic Residency 2023-Switzerland, KG+SELECT-Japan, 2024 Ras Al Khaimah Fine Arts Festival-United Arab Emirates, APHF:24-Athens Photo Festival, SPBH Space-Milano, FORMAT24 Open Call-UK, Photolucida\u2019s Critical Mass 2023 TOP 50, PhMuseum Days 2023-Bologna, Helsinki Photo Festival 2022-Finland, FOTOFESTIWAL and Photo Match 2023-Poland. Finalist SEE:ZEEN #17 Magazine, Fotofestival Lenzburg, 9th SIPF 2024-Singapore International Photography Festival, Fotofestival SOLAR 2024, Dear Dave 2024, OD Photo Prize 2024, LensCulture Art Photography Awards 2024 &#038; Aperture Portfolio Prize 2023.<\/p>","protected":false},"excerpt":{"rendered":"<p>Architect. MA (merit) Photography and Urban Cultures, Goldsmiths College, University of London. Editor at Raya Editorial and A\u00d1Z, Fotograf\u00eda Expandida de Latinoam\u00e9rica. Founder of 20Fot\u00f3grafos, Colectivo+1 &#038; RadioFoto. Visual curator of the Commission for the Clarification of Truth, Coexistence and Non-Repetition of Colombia. Fujifilm\u2019s X-Photographer. [&hellip;]<\/p>\n","protected":false},"author":1,"featured_media":42136,"comment_status":"closed","ping_status":"open","sticky":false,"template":"","format":"standard","meta":[],"categories":[607],"tags":[],"acf":[],"_links":{"self":[{"href":"https:\/\/www.urbanphotoawards.com\/en\/wp-json\/wp\/v2\/posts\/42135"}],"collection":[{"href":"https:\/\/www.urbanphotoawards.com\/en\/wp-json\/wp\/v2\/posts"}],"about":[{"href":"https:\/\/www.urbanphotoawards.com\/en\/wp-json\/wp\/v2\/types\/post"}],"author":[{"embeddable":true,"href":"https:\/\/www.urbanphotoawards.com\/en\/wp-json\/wp\/v2\/users\/1"}],"replies":[{"embeddable":true,"href":"https:\/\/www.urbanphotoawards.com\/en\/wp-json\/wp\/v2\/comments?post=42135"}],"version-history":[{"count":1,"href":"https:\/\/www.urbanphotoawards.com\/en\/wp-json\/wp\/v2\/posts\/42135\/revisions"}],"predecessor-version":[{"id":42137,"href":"https:\/\/www.urbanphotoawards.com\/en\/wp-json\/wp\/v2\/posts\/42135\/revisions\/42137"}],"wp:featuredmedia":[{"embeddable":true,"href":"https:\/\/www.urbanphotoawards.com\/en\/wp-json\/wp\/v2\/media\/42136"}],"wp:attachment":[{"href":"https:\/\/www.urbanphotoawards.com\/en\/wp-json\/wp\/v2\/media?parent=42135"}],"wp:term":[{"taxonomy":"category","embeddable":true,"href":"https:\/\/www.urbanphotoawards.com\/en\/wp-json\/wp\/v2\/categories?post=42135"},{"taxonomy":"post_tag","embeddable":true,"href":"https:\/\/www.urbanphotoawards.com\/en\/wp-json\/wp\/v2\/tags?post=42135"}],"curies":[{"name":"wp","href":"https:\/\/api.w.org\/{rel}","templated":true}]}}